{"id":1235451,"date":"2021-12-09T20:36:20","date_gmt":"2021-12-10T02:36:20","guid":{"rendered":"https:\/\/www.acapulco.press\/?p=1235451"},"modified":"2021-12-09T20:36:20","modified_gmt":"2021-12-10T02:36:20","slug":"nayarit-tambien-regularizara-vehiculos-chocolates-amlo","status":"publish","type":"post","link":"https:\/\/www.acapulcopress.com\/index.php\/2021\/12\/09\/nayarit-tambien-regularizara-vehiculos-chocolates-amlo\/","title":{"rendered":"Nayarit tambi\u00e9n regularizar\u00e1 veh\u00edculos &#8216;chocolates&#8217; | AMLO"},"content":{"rendered":"<p style=\"text-align: justify;\">TEPIC. * 9 de diciembre de 2021.<br \/>\n<em>) Gobierno de M\u00e9xico.<\/em><\/p>\n<p style=\"text-align: justify;\">En el segundo d\u00eda de gira de trabajo por Nayarit, el presidente Andr\u00e9s Manuel L\u00f3pez Obrador anunci\u00f3 que en esta entidad tambi\u00e9n se aplicar\u00e1 el programa de regularizaci\u00f3n de veh\u00edculos de origen extranjero.<\/p>\n<p style=\"text-align: justify;\">\u201cOriginalmente estaba pensado para la zona fronteriza pero ya nos hicieron la solicitud tambi\u00e9n en Michoac\u00e1n y decidimos ampliarlo. (\u2026) Le tenemos mucho afecto al pueblo de Nayarit porque durante mucho tiempo se margin\u00f3, entonces me comprometo a que tambi\u00e9n se va a aplicar el programa\u201d, apunt\u00f3.<\/p>\n<p style=\"text-align: justify;\">Acceder\u00e1n a este beneficio los autom\u00f3viles que ya est\u00e9n en el pa\u00eds y los que ingresen hasta finales del mes. Los recursos recaudados se invertir\u00e1n en el mejoramiento de vialidades en el estado, explic\u00f3.<\/p>\n<p style=\"text-align: justify;\">El pasado mes de octubre, el jefe del Ejecutivo firm\u00f3 en Ensenada, Baja California, el acuerdo para regularizar veh\u00edculos usados de procedencia extranjera y este viernes replicar\u00e1 esta acci\u00f3n en Chihuahua.<\/p>\n<p style=\"text-align: justify;\">Sostuvo que el Gobierno de la Cuarta Transformaci\u00f3n trabaja en revertir el rezago que prevaleci\u00f3 en la entidad durante el periodo neoliberal, al igual que en Zacatecas y Durango; \u201cahora se les atiende como lo merecen\u201d, asever\u00f3.<\/p>\n<p style=\"text-align: justify;\">El mandatario encabez\u00f3 la reuni\u00f3n del Gabinete de Seguridad en Nayarit para evaluar los avances de la estrategia dedicada a garantizar la paz y la tranquilidad.<\/p>\n<p style=\"text-align: justify;\">Al respecto, el secretario de la Defensa Nacional, Luis Cresencio Sandoval Gonz\u00e1lez, report\u00f3 la disminuci\u00f3n de la incidencia en robo de veh\u00edculos. Aun cuando los delitos de secuestro, extorsi\u00f3n, homicidios dolosos y robo a casa habitaci\u00f3n presentan un aumento, la entidad ocupa el lugar n\u00famero 30 a nivel nacional.<\/p>\n<p style=\"text-align: justify;\">En conferencia de prensa matutina indic\u00f3 que el gobierno federal atiende las causas de los actos delictivos con 29 Programas para el Bienestar en los que hay 531 mil 979 beneficiarias y beneficiarios.<\/p>\n<p style=\"text-align: justify;\">Estos apoyos se otorgan gracias a la inversi\u00f3n social superior a los 565 millones de pesos. Las personas acreedoras a recursos podr\u00e1n cobrarlos en las ocho sucursales del Banco del Bienestar que ya est\u00e1n construidas. Hay dos sucursales en proceso y se planea instalar 29 sedes de la instituci\u00f3n financiera.<\/p>\n<p style=\"text-align: justify;\">En Nayarit, el despliegue de fuerzas de seguridad se compone de 2 mil 470 elementos operativos de la Secretar\u00eda de Marina, de la Defensa Nacional y de la Guardia Nacional; esta corporaci\u00f3n tendr\u00e1 un total de seis instalaciones.<\/p>\n<p style=\"text-align: justify;\">Acompa\u00f1aron al presidente, el gobernador de Nayarit, Miguel \u00c1ngel Navarro Quintero; la secretaria de Seguridad y Protecci\u00f3n Ciudadana, Rosa Icela Rodr\u00edguez Vel\u00e1zquez; el secretario de Marina, Jos\u00e9 Rafael Ojeda Dur\u00e1n y el comandante de la Guardia Nacional, Luis Rodr\u00edguez Bucio.<\/p>\n","protected":false},"excerpt":{"rendered":"<p>TEPIC. * 9 de diciembre de 2021. ) Gobierno de M\u00e9xico. En el segundo d\u00eda de gira de trabajo por Nayarit, el presidente Andr\u00e9s Manuel L\u00f3pez Obrador anunci\u00f3 que en esta entidad tambi\u00e9n se aplicar\u00e1 el programa de regularizaci\u00f3n de veh\u00edculos de origen extranjero. \u201cOriginalmente estaba pensado para la zona fronteriza pero ya nos hicieron&#8230;<\/p>\n","protected":false},"author":2,"featured_media":1235452,"comment_status":"closed","ping_status":"closed","sticky":false,"template":"","format":"standard","meta":{"footnotes":""},"categories":[18591,18561],"tags":[3793,4441],"class_list":["post-1235451","post","type-post","status-publish","format-standard","has-post-thumbnail","hentry","category-gobierno-de-mexico-sociedy-politics","category-society-politics","tag-amlo","tag-autos-chocolates"],"_links":{"self":[{"href":"https:\/\/www.acapulcopress.com\/index.php\/wp-json\/wp\/v2\/posts\/1235451","targetHints":{"allow":["GET"]}}],"collection":[{"href":"https:\/\/www.acapulcopress.com\/index.php\/wp-json\/wp\/v2\/posts"}],"about":[{"href":"https:\/\/www.acapulcopress.com\/index.php\/wp-json\/wp\/v2\/types\/post"}],"author":[{"embeddable":true,"href":"https:\/\/www.acapulcopress.com\/index.php\/wp-json\/wp\/v2\/users\/2"}],"replies":[{"embeddable":true,"href":"https:\/\/www.acapulcopress.com\/index.php\/wp-json\/wp\/v2\/comments?post=1235451"}],"version-history":[{"count":0,"href":"https:\/\/www.acapulcopress.com\/index.php\/wp-json\/wp\/v2\/posts\/1235451\/revisions"}],"wp:featuredmedia":[{"embeddable":true,"href":"https:\/\/www.acapulcopress.com\/index.php\/wp-json\/"}],"wp:attachment":[{"href":"https:\/\/www.acapulcopress.com\/index.php\/wp-json\/wp\/v2\/media?parent=1235451"}],"wp:term":[{"taxonomy":"category","embeddable":true,"href":"https:\/\/www.acapulcopress.com\/index.php\/wp-json\/wp\/v2\/categories?post=1235451"},{"taxonomy":"post_tag","embeddable":true,"href":"https:\/\/www.acapulcopress.com\/index.php\/wp-json\/wp\/v2\/tags?post=1235451"}],"curies":[{"name":"wp","href":"https:\/\/api.w.org\/{rel}","templated":true}]}}