{"id":1235459,"date":"2021-12-09T21:58:13","date_gmt":"2021-12-10T03:58:13","guid":{"rendered":"https:\/\/www.acapulco.press\/?p=1235459"},"modified":"2021-12-09T21:58:13","modified_gmt":"2021-12-10T03:58:13","slug":"atiende-titular-de-la-seg-a-dirigentes-de-la-ceteg","status":"publish","type":"post","link":"https:\/\/www.acapulcopress.com\/index.php\/2021\/12\/09\/atiende-titular-de-la-seg-a-dirigentes-de-la-ceteg\/","title":{"rendered":"Atiende titular de la SEG a dirigentes de la CETEG"},"content":{"rendered":"<p style=\"text-align: justify;\">CHILPANCINGO. * 9 de diciembre de 2021.<br \/>\n<em>) SEG.<\/em><\/p>\n<p style=\"text-align: justify;\">Por indicaciones de la Gobernadora Evelyn Salgado Pineda, el secretario de Educaci\u00f3n en el Estado, Marcial Rodr\u00edguez Salda\u00f1a, atendi\u00f3 a los nuevos dirigentes de la Coordinadora Estatal de los Trabajadores de la Educaci\u00f3n Guerrero (CETEG), con quienes acord\u00f3 establecer mesas de trabajo para la atenci\u00f3n de sus diferentes demandas laborales.<\/p>\n<p style=\"text-align: justify;\">Rodr\u00edguez Salda\u00f1a ratific\u00f3 la pol\u00edtica de di\u00e1logo y de puertas abiertas que ha promovido la Gobernadora de la entidad, Evelyn Salgado, y les reiter\u00f3 a los dirigentes de la CETEG que siempre habr\u00e1 una relaci\u00f3n de entendimiento con la SEG para escuchar y atender sus peticiones as\u00ed como la de todas y todos los trabajadores del sector educativo en el Estado.<\/p>\n<p style=\"text-align: justify;\">Estuvieron presentes los subsecretarios de Administraci\u00f3n y Finanzas, Alejandro Moreno Lira; de Planeaci\u00f3n Benjamin Adame Pereira; de Media Superior y Superior, Marco Antonio Marb\u00e1n Galv\u00e1n; de Educaci\u00f3n B\u00e1sica, Ricardo Castillo Pe\u00f1a; la directora general de Servicios Regionales, Mayt\u00e9 Piza Rodr\u00edguez; el director de Asuntos Jur\u00eddicos y Transparencia, Roberto Cuevas Bahena; la Directora del UESICAMM, Lucila Rangel Santos, y de la Secretar\u00eda T\u00e9cnica, Luisa Ayala Mondragon.<\/p>\n","protected":false},"excerpt":{"rendered":"<p>CHILPANCINGO. * 9 de diciembre de 2021. ) SEG. Por indicaciones de la Gobernadora Evelyn Salgado Pineda, el secretario de Educaci\u00f3n en el Estado, Marcial Rodr\u00edguez Salda\u00f1a, atendi\u00f3 a los nuevos dirigentes de la Coordinadora Estatal de los Trabajadores de la Educaci\u00f3n Guerrero (CETEG), con quienes acord\u00f3 establecer mesas de trabajo para la atenci\u00f3n de&#8230;<\/p>\n","protected":false},"author":2,"featured_media":1235460,"comment_status":"closed","ping_status":"closed","sticky":false,"template":"","format":"standard","meta":{"footnotes":""},"categories":[1969,2081],"tags":[6583,8251,12457],"class_list":["post-1235459","post","type-post","status-publish","format-standard","has-post-thumbnail","hentry","category-trending","category-seg","tag-coordinadora-estatal-de-los-trabajadores-de-la-educacion-guerrero-ceteg","tag-evelyn-salgado-pineda","tag-marcial-rodriguez-saldana"],"_links":{"self":[{"href":"https:\/\/www.acapulcopress.com\/index.php\/wp-json\/wp\/v2\/posts\/1235459","targetHints":{"allow":["GET"]}}],"collection":[{"href":"https:\/\/www.acapulcopress.com\/index.php\/wp-json\/wp\/v2\/posts"}],"about":[{"href":"https:\/\/www.acapulcopress.com\/index.php\/wp-json\/wp\/v2\/types\/post"}],"author":[{"embeddable":true,"href":"https:\/\/www.acapulcopress.com\/index.php\/wp-json\/wp\/v2\/users\/2"}],"replies":[{"embeddable":true,"href":"https:\/\/www.acapulcopress.com\/index.php\/wp-json\/wp\/v2\/comments?post=1235459"}],"version-history":[{"count":0,"href":"https:\/\/www.acapulcopress.com\/index.php\/wp-json\/wp\/v2\/posts\/1235459\/revisions"}],"wp:featuredmedia":[{"embeddable":true,"href":"https:\/\/www.acapulcopress.com\/index.php\/wp-json\/"}],"wp:attachment":[{"href":"https:\/\/www.acapulcopress.com\/index.php\/wp-json\/wp\/v2\/media?parent=1235459"}],"wp:term":[{"taxonomy":"category","embeddable":true,"href":"https:\/\/www.acapulcopress.com\/index.php\/wp-json\/wp\/v2\/categories?post=1235459"},{"taxonomy":"post_tag","embeddable":true,"href":"https:\/\/www.acapulcopress.com\/index.php\/wp-json\/wp\/v2\/tags?post=1235459"}],"curies":[{"name":"wp","href":"https:\/\/api.w.org\/{rel}","templated":true}]}}