{"id":1235477,"date":"2021-12-09T22:51:08","date_gmt":"2021-12-10T04:51:08","guid":{"rendered":"https:\/\/www.acapulco.press\/?p=1235477"},"modified":"2021-12-09T22:51:08","modified_gmt":"2021-12-10T04:51:08","slug":"ernesto-rivera-migrantes-crisis-en-puerta-en-acapulco","status":"publish","type":"post","link":"https:\/\/www.acapulcopress.com\/index.php\/2021\/12\/09\/ernesto-rivera-migrantes-crisis-en-puerta-en-acapulco\/","title":{"rendered":"Ernesto Rivera | Migrantes, crisis en puerta en Acapulco"},"content":{"rendered":"<p style=\"text-align: justify;\">Tercera V\u00eda<br \/>\n]<strong> Ernesto Rivera Rodr\u00edguez<\/strong>.<\/p>\n<p style=\"text-align: justify;\">De la manera m\u00e1s vil el Instituto Nacional de Inmigraci\u00f3n, INM, viene desde hace meses sembrando migrantes caribe\u00f1os y centroamericanos en diversas ciudades del pa\u00eds. Desde la semana pasada le toc\u00f3 a Acapulco. Ah\u00ed dejados a su suerte, que parece no es mucha, ya m\u00e1s de un centenar de Haitianos algunos centroamericanos fueron literalmente abandonados en las cercan\u00edas de la Central de Autobuses Estrella Blanca en la Avenida Cuauht\u00e9moc, y poco a poco en una \u00aboperaci\u00f3n hormiga\u00bb se han extendido hacia las calles aleda\u00f1as.<\/p>\n<p style=\"text-align: justify;\">Ante el criminal silencio del INM delegaci\u00f3n Guerrero, la que parece aplicar una siniestra pol\u00edtica no de abandono sino una brutal pol\u00edtica quir\u00fargica de sembrarlos en lugares estrat\u00e9gicos fuera de las rutas conocidas hasta hoy para su recorrido desde el sur, Tapachula, Chiapas hacia el norte del pa\u00eds.<\/p>\n<p style=\"text-align: justify;\">Arribar a este destino tur\u00edstico deja muchas preguntas a\u00fan sin responder, m\u00e1s all\u00e1 del car\u00e1cter inhumano que representa su abandono en las calles del puerto, sino en el objetivo oculto de sembrar acciones que ya no son futuras sino de cuestiones que ya se viven en nuestras calles y avenidas.<\/p>\n<p style=\"text-align: justify;\">Gente que en su deambular sin ning\u00fan protocolo sanitario ni de sanidad van dejando y recibiendo a trav\u00e9s del ambiente nuevos y conocidos contaminantes que han tenido al mundo a un paso del colapso, y con estos nuevos portadores de s\u00f3lo Dios sabe que patolog\u00edas, esto se convertir\u00e1 en un caldo de cultivo de inimaginables proporciones adem\u00e1s, adem\u00e1s de ser ya vistos como \u00abcarne de ca\u00f1\u00f3n\u00bb, y sin lugar a dudas de ser utilizados para tareas y ocupaciones nada legales.<\/p>\n<p style=\"text-align: justify;\">Convertido en un grave problema ya no de salud, de seguridad, la cu\u00e1l ya de por s\u00ed no s\u00f3lo en Acapulco sino en todo Guerrero se encuentra en el \u00abfilo de la navaja\u00bb, la seguridad misma contra la espada y la pared, como la acci\u00f3n contra la Seguridad al Secretario General de Gobierno, Sa\u00fal L\u00f3pez Sollano, \u00abhaiga sido lo que haiga sido\u00bb, que puso al borde del infarto al gobierno de Evelyn Salgado Pineda, y a Chilpancingo en un s\u00edmil nocturno a Iguala hace siete a\u00f1os, convertidos a los migrantes en un tema de la cotidiana Mesa para la Construcci\u00f3n de la Paz, sin que conozcamos resultado alguno al respecto. Ni tampoco posici\u00f3n alguna de las autoridades locales Municipales, ni mucho menos del Congreso Local, este ocupado en un desaguisado interno m\u00e1s cercano a la \u00abInsula Barataria\u00bb que a un moderno \u00f3rgano legislativo.<\/p>\n<p style=\"text-align: justify;\">Se va a dialogar con los migrantes, c\u00f3mo se pretende se haga con la delincuencia organizada, una seria pol\u00edtica bizarra de entender el concepto de seguridad nacional que ya confunde la transparencia con \u00abla omisi\u00f3n\u00bb y el ocultamiento. En tanto el pa\u00eds, viaja en un tren, \u00absimulador\u00bb de la abrupta realidad que padecemos, como un pobre s\u00edmil del \u00abGuarda agujas\u00bb, de Juan Jos\u00e9 Arreola.<\/p>\n","protected":false},"excerpt":{"rendered":"<p>Tercera V\u00eda ] Ernesto Rivera Rodr\u00edguez. De la manera m\u00e1s vil el Instituto Nacional de Inmigraci\u00f3n, INM, viene desde hace meses sembrando migrantes caribe\u00f1os y centroamericanos en diversas ciudades del pa\u00eds. Desde la semana pasada le toc\u00f3 a Acapulco. Ah\u00ed dejados a su suerte, que parece no es mucha, ya m\u00e1s de un centenar de&#8230;<\/p>\n","protected":false},"author":2,"featured_media":1235478,"comment_status":"closed","ping_status":"closed","sticky":false,"template":"","format":"standard","meta":{"footnotes":""},"categories":[2071,1991],"tags":[8063,13079,17071],"class_list":["post-1235477","post","type-post","status-publish","format-standard","has-post-thumbnail","hentry","category-opinion-analisis-columnas","category-libertad-de-expresion","tag-ernesto-rivera-rodriguez","tag-migracion-2","tag-tercera-via"],"_links":{"self":[{"href":"https:\/\/www.acapulcopress.com\/index.php\/wp-json\/wp\/v2\/posts\/1235477","targetHints":{"allow":["GET"]}}],"collection":[{"href":"https:\/\/www.acapulcopress.com\/index.php\/wp-json\/wp\/v2\/posts"}],"about":[{"href":"https:\/\/www.acapulcopress.com\/index.php\/wp-json\/wp\/v2\/types\/post"}],"author":[{"embeddable":true,"href":"https:\/\/www.acapulcopress.com\/index.php\/wp-json\/wp\/v2\/users\/2"}],"replies":[{"embeddable":true,"href":"https:\/\/www.acapulcopress.com\/index.php\/wp-json\/wp\/v2\/comments?post=1235477"}],"version-history":[{"count":0,"href":"https:\/\/www.acapulcopress.com\/index.php\/wp-json\/wp\/v2\/posts\/1235477\/revisions"}],"wp:featuredmedia":[{"embeddable":true,"href":"https:\/\/www.acapulcopress.com\/index.php\/wp-json\/"}],"wp:attachment":[{"href":"https:\/\/www.acapulcopress.com\/index.php\/wp-json\/wp\/v2\/media?parent=1235477"}],"wp:term":[{"taxonomy":"category","embeddable":true,"href":"https:\/\/www.acapulcopress.com\/index.php\/wp-json\/wp\/v2\/categories?post=1235477"},{"taxonomy":"post_tag","embeddable":true,"href":"https:\/\/www.acapulcopress.com\/index.php\/wp-json\/wp\/v2\/tags?post=1235477"}],"curies":[{"name":"wp","href":"https:\/\/api.w.org\/{rel}","templated":true}]}}