{"id":1235490,"date":"2021-12-10T19:01:47","date_gmt":"2021-12-11T01:01:47","guid":{"rendered":"https:\/\/www.acapulco.press\/?p=1235490"},"modified":"2021-12-10T19:01:47","modified_gmt":"2021-12-11T01:01:47","slug":"laboristas-frenan-a-farias-en-jlcya","status":"publish","type":"post","link":"https:\/\/www.acapulcopress.com\/index.php\/2021\/12\/10\/laboristas-frenan-a-farias-en-jlcya\/","title":{"rendered":"Laboristas frenan a Far\u00edas en JLCyA"},"content":{"rendered":"<p style=\"text-align: justify;\">\u00bb <strong>Fulgencio Ram\u00edrez Lozano<\/strong><br \/>\nACAPULCO, Gro. * 10 de diciembre de 2021.<br \/>\n<em>) Mundo21.<\/em><\/p>\n<p style=\"text-align: justify;\">Tras una reuni\u00f3n de trabajo para destrabar el conflicto que se gener\u00f3 por el nombramiento de Germ\u00e1n Far\u00edas Silvestre como presidente de la Sala Uno de la Junta de Conciliaci\u00f3n y Arbitraje (JLCyA), quien fue rechazado por abogados laboristas que ventilan ah\u00ed demandas laborales, se lleg\u00f3 a un acuerdo entre los inconformes y el gobierno del estado.<\/p>\n<p style=\"text-align: justify;\">Desde el pasado mi\u00e9rcoles, cuando supuestamente le iban a tomar protesta como titular de la Primera Sala de la JLCyA, los integrantes de la Asociaci\u00f3n de Abogados Laboristas de Acapulco, encabezados por Carmelo Loeza Hern\u00e1ndez, Ricardo Magos Ram\u00edrez y Ad\u00e1n Memije Albarr\u00e1n, apoyados por la Barra de Acapulco Colegio de Abogados, se opusieron a la designaci\u00f3n de la gobernadora Evelyn Salgado Pineda de nombrar a Germ\u00e1n Far\u00edas por incumplir con el perfil que se requiere, como es, contar con 5 a\u00f1os de experiencia en litigar asuntos laborales.<\/p>\n<p style=\"text-align: justify;\">Este viernes se realiz\u00f3 una reuni\u00f3n al filo de las 14:00 horas entre funcionarios de la Secretar\u00eda del Trabajo y Previsi\u00f3n Social y abogados laboristas inconformes, acordando que el nombramiento de Far\u00edas Silvestre se \u00abcongelaba\u00bb y mientras, se nombrar\u00e1 a un encargado para que se sigan ventilando los asuntos laborales y no se afecten a trabajadores.<\/p>\n<p style=\"text-align: justify;\">Adan Memije coment\u00f3 que no se busca una confrontaci\u00f3n con el gobierno del estado, pero si buscan que se respete el reglamento y la ley laboral.<\/p>\n","protected":false},"excerpt":{"rendered":"<p>\u00bb Fulgencio Ram\u00edrez Lozano ACAPULCO, Gro. * 10 de diciembre de 2021. ) Mundo21. Tras una reuni\u00f3n de trabajo para destrabar el conflicto que se gener\u00f3 por el nombramiento de Germ\u00e1n Far\u00edas Silvestre como presidente de la Sala Uno de la Junta de Conciliaci\u00f3n y Arbitraje (JLCyA), quien fue rechazado por abogados laboristas que ventilan&#8230;<\/p>\n","protected":false},"author":2,"featured_media":1235491,"comment_status":"closed","ping_status":"closed","sticky":false,"template":"","format":"standard","meta":{"footnotes":""},"categories":[1997],"tags":[3248,5250,9179,11342,15586],"class_list":["post-1235490","post","type-post","status-publish","format-standard","has-post-thumbnail","hentry","category-noticias-destacadas","tag-adan-memije-albarran","tag-carmelo-loeza-hernandez","tag-german-farias-silvestre","tag-junta-de-conciliacion-y-arbitraje-jlcya","tag-ricardo-magos-ramirez"],"_links":{"self":[{"href":"https:\/\/www.acapulcopress.com\/index.php\/wp-json\/wp\/v2\/posts\/1235490","targetHints":{"allow":["GET"]}}],"collection":[{"href":"https:\/\/www.acapulcopress.com\/index.php\/wp-json\/wp\/v2\/posts"}],"about":[{"href":"https:\/\/www.acapulcopress.com\/index.php\/wp-json\/wp\/v2\/types\/post"}],"author":[{"embeddable":true,"href":"https:\/\/www.acapulcopress.com\/index.php\/wp-json\/wp\/v2\/users\/2"}],"replies":[{"embeddable":true,"href":"https:\/\/www.acapulcopress.com\/index.php\/wp-json\/wp\/v2\/comments?post=1235490"}],"version-history":[{"count":0,"href":"https:\/\/www.acapulcopress.com\/index.php\/wp-json\/wp\/v2\/posts\/1235490\/revisions"}],"wp:featuredmedia":[{"embeddable":true,"href":"https:\/\/www.acapulcopress.com\/index.php\/wp-json\/"}],"wp:attachment":[{"href":"https:\/\/www.acapulcopress.com\/index.php\/wp-json\/wp\/v2\/media?parent=1235490"}],"wp:term":[{"taxonomy":"category","embeddable":true,"href":"https:\/\/www.acapulcopress.com\/index.php\/wp-json\/wp\/v2\/categories?post=1235490"},{"taxonomy":"post_tag","embeddable":true,"href":"https:\/\/www.acapulcopress.com\/index.php\/wp-json\/wp\/v2\/tags?post=1235490"}],"curies":[{"name":"wp","href":"https:\/\/api.w.org\/{rel}","templated":true}]}}