{"id":1235504,"date":"2021-12-10T19:28:04","date_gmt":"2021-12-11T01:28:04","guid":{"rendered":"https:\/\/www.acapulco.press\/?p=1235504"},"modified":"2021-12-10T19:28:04","modified_gmt":"2021-12-11T01:28:04","slug":"titular-de-seg-toma-protesta-a-rectora-de-la-universidad-intercultural","status":"publish","type":"post","link":"https:\/\/www.acapulcopress.com\/index.php\/2021\/12\/10\/titular-de-seg-toma-protesta-a-rectora-de-la-universidad-intercultural\/","title":{"rendered":"Titular de SEG toma protesta a Rectora de la Universidad Intercultural"},"content":{"rendered":"<p style=\"text-align: justify;\">CHILPANCINGO, Gro. * 10 de diciembre de 2021.<br \/>\n<em>) SEG.<\/em><br \/>\nPor indicaciones de la Gobernadora Evelyn Salgado Pineda, el secretario de Educaci\u00f3n en Guerrero, Marcial Rodriguez Salda\u00f1a, tom\u00f3 protesta a la Maestra Eugenia Pacheco Cant\u00fa, como Rectora de la Universidad Intercultural del Estado, a quien exhort\u00f3 a fortalecer la educaci\u00f3n intercultural en la regi\u00f3n de la monta\u00f1a de nuestra entidad.<\/p>\n<p style=\"text-align: justify;\">Rodr\u00edguez Salda\u00f1a manifest\u00f3 que la Gobernadora Salgado promueve la conservaci\u00f3n y el fomento a la diversidad cultural en Guerrero, para mantener y arraigar el respeto a las tradiciones de los pueblos originarios del estado.<\/p>\n","protected":false},"excerpt":{"rendered":"<p>CHILPANCINGO, Gro. * 10 de diciembre de 2021. ) SEG. Por indicaciones de la Gobernadora Evelyn Salgado Pineda, el secretario de Educaci\u00f3n en Guerrero, Marcial Rodriguez Salda\u00f1a, tom\u00f3 protesta a la Maestra Eugenia Pacheco Cant\u00fa, como Rectora de la Universidad Intercultural del Estado, a quien exhort\u00f3 a fortalecer la educaci\u00f3n intercultural en la regi\u00f3n de&#8230;<\/p>\n","protected":false},"author":2,"featured_media":1235506,"comment_status":"closed","ping_status":"closed","sticky":false,"template":"","format":"standard","meta":{"footnotes":""},"categories":[1969,2081],"tags":[8214,8251,12459,16169,16362,17642],"class_list":["post-1235504","post","type-post","status-publish","format-standard","has-post-thumbnail","hentry","category-trending","category-seg","tag-eugenia-pacheco-cantu","tag-evelyn-salgado-pineda","tag-marcial-rodriguez-salgada","tag-secretaria-de-educacion-guerrero-seg","tag-seg","tag-universidad-intercultural-del-estado-de-guerrero-uieg"],"_links":{"self":[{"href":"https:\/\/www.acapulcopress.com\/index.php\/wp-json\/wp\/v2\/posts\/1235504","targetHints":{"allow":["GET"]}}],"collection":[{"href":"https:\/\/www.acapulcopress.com\/index.php\/wp-json\/wp\/v2\/posts"}],"about":[{"href":"https:\/\/www.acapulcopress.com\/index.php\/wp-json\/wp\/v2\/types\/post"}],"author":[{"embeddable":true,"href":"https:\/\/www.acapulcopress.com\/index.php\/wp-json\/wp\/v2\/users\/2"}],"replies":[{"embeddable":true,"href":"https:\/\/www.acapulcopress.com\/index.php\/wp-json\/wp\/v2\/comments?post=1235504"}],"version-history":[{"count":0,"href":"https:\/\/www.acapulcopress.com\/index.php\/wp-json\/wp\/v2\/posts\/1235504\/revisions"}],"wp:featuredmedia":[{"embeddable":true,"href":"https:\/\/www.acapulcopress.com\/index.php\/wp-json\/"}],"wp:attachment":[{"href":"https:\/\/www.acapulcopress.com\/index.php\/wp-json\/wp\/v2\/media?parent=1235504"}],"wp:term":[{"taxonomy":"category","embeddable":true,"href":"https:\/\/www.acapulcopress.com\/index.php\/wp-json\/wp\/v2\/categories?post=1235504"},{"taxonomy":"post_tag","embeddable":true,"href":"https:\/\/www.acapulcopress.com\/index.php\/wp-json\/wp\/v2\/tags?post=1235504"}],"curies":[{"name":"wp","href":"https:\/\/api.w.org\/{rel}","templated":true}]}}