{"id":1235512,"date":"2021-12-10T19:51:35","date_gmt":"2021-12-11T01:51:35","guid":{"rendered":"https:\/\/www.acapulco.press\/?p=1235512"},"modified":"2021-12-10T19:51:35","modified_gmt":"2021-12-11T01:51:35","slug":"secretario-de-educacion-preside-ceremonia-de-graduacion-del-tec-chilpancingo","status":"publish","type":"post","link":"https:\/\/www.acapulcopress.com\/index.php\/2021\/12\/10\/secretario-de-educacion-preside-ceremonia-de-graduacion-del-tec-chilpancingo\/","title":{"rendered":"Secretario de Educaci\u00f3n preside ceremonia de graduaci\u00f3n del Tec Chilpancingo"},"content":{"rendered":"<p style=\"text-align: justify;\">CHILPANCINGO, Gro. * 10 de diciembre de 2021.<br \/>\n<em>) SEG.<\/em><br \/>\nEl Secretario de Educaci\u00f3n en Guerrero, Marcial Rodr\u00edguez Salda\u00f1a, presidi\u00f3 la ceremonia de graduaci\u00f3n de los egresados del Instituto Tecnol\u00f3gico de Chilpancingo en las carreras de Ingenier\u00eda en sistemas computacionales, gesti\u00f3n empresarial, inform\u00e1tica, civil, y contador p\u00fablico.<\/p>\n<p style=\"text-align: justify;\">Rodr\u00edguez Salda\u00f1a transmiti\u00f3 un mensaje de felicitaci\u00f3n por parte de la Gobernadora Evelyn Salgado Pineda a los egresados, madres, padres de familia y un reconocimiento al personal docente, administrativo y a la directora Mar\u00eda Eugenia Reynoso Due\u00f1as; as\u00ed mismo, convoc\u00f3 a los nuevos profesionistas a ejercer su actividad con una vocaci\u00f3n social y humanista a favor del pueblo de Guerrero.<\/p>\n","protected":false},"excerpt":{"rendered":"<p>CHILPANCINGO, Gro. * 10 de diciembre de 2021. ) SEG. El Secretario de Educaci\u00f3n en Guerrero, Marcial Rodr\u00edguez Salda\u00f1a, presidi\u00f3 la ceremonia de graduaci\u00f3n de los egresados del Instituto Tecnol\u00f3gico de Chilpancingo en las carreras de Ingenier\u00eda en sistemas computacionales, gesti\u00f3n empresarial, inform\u00e1tica, civil, y contador p\u00fablico. Rodr\u00edguez Salda\u00f1a transmiti\u00f3 un mensaje de felicitaci\u00f3n por&#8230;<\/p>\n","protected":false},"author":2,"featured_media":1235507,"comment_status":"closed","ping_status":"closed","sticky":false,"template":"","format":"standard","meta":{"footnotes":""},"categories":[1969,2081],"tags":[12459,16169,16362],"class_list":["post-1235512","post","type-post","status-publish","format-standard","has-post-thumbnail","hentry","category-trending","category-seg","tag-marcial-rodriguez-salgada","tag-secretaria-de-educacion-guerrero-seg","tag-seg"],"_links":{"self":[{"href":"https:\/\/www.acapulcopress.com\/index.php\/wp-json\/wp\/v2\/posts\/1235512","targetHints":{"allow":["GET"]}}],"collection":[{"href":"https:\/\/www.acapulcopress.com\/index.php\/wp-json\/wp\/v2\/posts"}],"about":[{"href":"https:\/\/www.acapulcopress.com\/index.php\/wp-json\/wp\/v2\/types\/post"}],"author":[{"embeddable":true,"href":"https:\/\/www.acapulcopress.com\/index.php\/wp-json\/wp\/v2\/users\/2"}],"replies":[{"embeddable":true,"href":"https:\/\/www.acapulcopress.com\/index.php\/wp-json\/wp\/v2\/comments?post=1235512"}],"version-history":[{"count":0,"href":"https:\/\/www.acapulcopress.com\/index.php\/wp-json\/wp\/v2\/posts\/1235512\/revisions"}],"wp:featuredmedia":[{"embeddable":true,"href":"https:\/\/www.acapulcopress.com\/index.php\/wp-json\/"}],"wp:attachment":[{"href":"https:\/\/www.acapulcopress.com\/index.php\/wp-json\/wp\/v2\/media?parent=1235512"}],"wp:term":[{"taxonomy":"category","embeddable":true,"href":"https:\/\/www.acapulcopress.com\/index.php\/wp-json\/wp\/v2\/categories?post=1235512"},{"taxonomy":"post_tag","embeddable":true,"href":"https:\/\/www.acapulcopress.com\/index.php\/wp-json\/wp\/v2\/tags?post=1235512"}],"curies":[{"name":"wp","href":"https:\/\/api.w.org\/{rel}","templated":true}]}}