{"id":1235517,"date":"2021-12-10T20:15:42","date_gmt":"2021-12-11T02:15:42","guid":{"rendered":"https:\/\/www.acapulco.press\/?p=1235517"},"modified":"2021-12-10T20:15:42","modified_gmt":"2021-12-11T02:15:42","slug":"se-reune-titular-de-seg-con-la-comision-de-educacion-del-congreso","status":"publish","type":"post","link":"https:\/\/www.acapulcopress.com\/index.php\/2021\/12\/10\/se-reune-titular-de-seg-con-la-comision-de-educacion-del-congreso\/","title":{"rendered":"Se re\u00fane titular de SEG con la Comisi\u00f3n de Educaci\u00f3n del Congreso"},"content":{"rendered":"<p style=\"text-align: justify;\">CHILPANCINGO, Gro. * 10 de diciembre de 2021.<br \/>\n<em>) SEG.<\/em><br \/>\nEl Secretario de Educaci\u00f3n en Guerrero, Marcial Rodriguez Salda\u00f1a, sostuvo una reuni\u00f3n de trabajo con los integrantes de la Comisi\u00f3n de Educaci\u00f3n del Congreso del Estado, integrada por el diputado Masedonio Mendoza Basurto, la diputada Yalleny Hern\u00e1ndez Mart\u00ednez, y los diputados Fortunato Hern\u00e1ndez Carvajal y Rafael Navarrete Quezada, quienes acordaron realizar un trabajo coordinado a favor de la educaci\u00f3n en Guerrero.<\/p>\n<p style=\"text-align: justify;\">Rodr\u00edguez Salda\u00f1a dijo que las indicaciones de la Gobernadora Evelyn Salgado Pineda son de establecer trabajo de coordinaci\u00f3n entre los distintos poderes del estado, en este caso con el poder legislativo para transformar la educaci\u00f3n en la entidad.<\/p>\n","protected":false},"excerpt":{"rendered":"<p>CHILPANCINGO, Gro. * 10 de diciembre de 2021. ) SEG. El Secretario de Educaci\u00f3n en Guerrero, Marcial Rodriguez Salda\u00f1a, sostuvo una reuni\u00f3n de trabajo con los integrantes de la Comisi\u00f3n de Educaci\u00f3n del Congreso del Estado, integrada por el diputado Masedonio Mendoza Basurto, la diputada Yalleny Hern\u00e1ndez Mart\u00ednez, y los diputados Fortunato Hern\u00e1ndez Carvajal y&#8230;<\/p>\n","protected":false},"author":2,"featured_media":1235505,"comment_status":"closed","ping_status":"closed","sticky":false,"template":"","format":"standard","meta":{"footnotes":""},"categories":[1969,2081],"tags":[12459,16169,16362],"class_list":["post-1235517","post","type-post","status-publish","format-standard","has-post-thumbnail","hentry","category-trending","category-seg","tag-marcial-rodriguez-salgada","tag-secretaria-de-educacion-guerrero-seg","tag-seg"],"_links":{"self":[{"href":"https:\/\/www.acapulcopress.com\/index.php\/wp-json\/wp\/v2\/posts\/1235517","targetHints":{"allow":["GET"]}}],"collection":[{"href":"https:\/\/www.acapulcopress.com\/index.php\/wp-json\/wp\/v2\/posts"}],"about":[{"href":"https:\/\/www.acapulcopress.com\/index.php\/wp-json\/wp\/v2\/types\/post"}],"author":[{"embeddable":true,"href":"https:\/\/www.acapulcopress.com\/index.php\/wp-json\/wp\/v2\/users\/2"}],"replies":[{"embeddable":true,"href":"https:\/\/www.acapulcopress.com\/index.php\/wp-json\/wp\/v2\/comments?post=1235517"}],"version-history":[{"count":0,"href":"https:\/\/www.acapulcopress.com\/index.php\/wp-json\/wp\/v2\/posts\/1235517\/revisions"}],"wp:featuredmedia":[{"embeddable":true,"href":"https:\/\/www.acapulcopress.com\/index.php\/wp-json\/"}],"wp:attachment":[{"href":"https:\/\/www.acapulcopress.com\/index.php\/wp-json\/wp\/v2\/media?parent=1235517"}],"wp:term":[{"taxonomy":"category","embeddable":true,"href":"https:\/\/www.acapulcopress.com\/index.php\/wp-json\/wp\/v2\/categories?post=1235517"},{"taxonomy":"post_tag","embeddable":true,"href":"https:\/\/www.acapulcopress.com\/index.php\/wp-json\/wp\/v2\/tags?post=1235517"}],"curies":[{"name":"wp","href":"https:\/\/api.w.org\/{rel}","templated":true}]}}