{"id":1235522,"date":"2021-12-10T20:37:52","date_gmt":"2021-12-11T02:37:52","guid":{"rendered":"https:\/\/www.acapulco.press\/?p=1235522"},"modified":"2021-12-10T20:37:52","modified_gmt":"2021-12-11T02:37:52","slug":"instala-amlo-comision-de-justicia-a-victimas-de-guerra-sucia-1965-1990","status":"publish","type":"post","link":"https:\/\/www.acapulcopress.com\/index.php\/2021\/12\/10\/instala-amlo-comision-de-justicia-a-victimas-de-guerra-sucia-1965-1990\/","title":{"rendered":"Instala AMLO Comisi\u00f3n de justicia a v\u00edctimas de guerra sucia 1965-1990"},"content":{"rendered":"<p style=\"text-align: justify;\">CIUDAD JU\u00c1REZ, Gro. * 10 de diciembre de 2021.<br \/>\n<em>) Gobierno de M\u00e9xico.<br \/>\n<\/em>En su visita a Chihuahua, el presidente Andr\u00e9s Manuel L\u00f3pez Obrador instal\u00f3 la Comisi\u00f3n para el acceso a la verdad, el esclarecimiento y el impulso a la justicia por las violaciones graves a los derechos humanos cometidas de 1965 a 1990. El prop\u00f3sito es conocer la verdad sobre las desapariciones de personas y encontrar a los responsables.<\/p>\n<p style=\"text-align: justify;\"><img loading=\"lazy\" decoding=\"async\" class=\"alignleft size-medium wp-image-1235525\" src=\"https:\/\/www.acapulco.press\/wp-content\/uploads\/2021\/12\/AMLO-GUERREA-SUCIA3-375x250.jpg\" alt=\"\" width=\"375\" height=\"250\" \/>\u201cEs muy significativo que estemos aqu\u00ed para hacer el compromiso de indagar, investigar, conocer la verdad de lo sucedido en este periodo de 1965 a 1990, conocido como el periodo de la guerra sucia\u201d, expres\u00f3.<\/p>\n<p style=\"text-align: justify;\">El jefe del Ejecutivo refrend\u00f3 su compromiso con sobrevivientes y familiares de las v\u00edctimas; garantiz\u00f3 la apertura a toda la documentaci\u00f3n y archivos necesarios sin l\u00edmites ni obst\u00e1culos. Afirm\u00f3 que no habr\u00e1 impunidad.<\/p>\n<p style=\"text-align: justify;\">Inform\u00f3 que el gobierno federal apoyar\u00e1 a la Comisi\u00f3n con recursos humanos para hacer el trabajo de investigaci\u00f3n, as\u00ed como con recursos econ\u00f3micos para la reparaci\u00f3n de da\u00f1os.<\/p>\n<p style=\"text-align: justify;\">Resalt\u00f3 que en la actualidad al interior de las secretar\u00edas de la Defensa Nacional y de Marina el personal se forma desde el respeto a los derechos humanos.<\/p>\n<p style=\"text-align: justify;\"><img loading=\"lazy\" decoding=\"async\" class=\"alignleft size-medium wp-image-1235524\" src=\"https:\/\/www.acapulco.press\/wp-content\/uploads\/2021\/12\/AMLO-GUERREA-SUCIA2-375x250.jpg\" alt=\"\" width=\"375\" height=\"250\" \/>\u201cEste trabajo nos va a llevar a la no repetici\u00f3n, a afianzar el h\u00e1bito de la cultura de la defensa y el respeto a los derechos humanos en el pa\u00eds. (&#8230;) Estamos viviendo un tiempo nuevo, no se puede gobernar con autoritarismo, se tienen que garantizar las libertades, el derecho a disentir y que ustedes tengan la m\u00e1s absoluta confianza de que nunca, jam\u00e1s, vamos a dar la orden de que se reprima a nadie y no vamos a tolerar ninguna violaci\u00f3n de los derechos humanos\u201d, acot\u00f3.<\/p>\n<p style=\"text-align: justify;\">El mandatario record\u00f3 que para continuar las investigaciones de la desaparici\u00f3n de 43 normalistas en Ayotzinapa, dirigi\u00f3 una misiva a Isaac Herzog, presidente de Israel, naci\u00f3n en donde se encuentra Tom\u00e1s Zer\u00f3n, uno de los se\u00f1alados como responsable del hecho.<\/p>\n<p style=\"text-align: justify;\">\u201cEnvi\u00e9 una carta a presidente de Israel porque all\u00e1 fue una persona a refugiarse y le ped\u00ed que ellos no pod\u00edan, por la historia del pueblo de Israel, prestarse a proteger a violadores de derechos humanos y ya me contest\u00f3 en positivo, que va a ayudar el gobierno de Israel para que no haya impunidad\u201d, inform\u00f3.<\/p>\n<p style=\"text-align: justify;\">Acompa\u00f1aron al presidente la gobernadora de Chihuahua, Mar\u00eda Eugenia Campos Galv\u00e1n; los secretarios de la Defensa Nacional, Luis Cresencio Sandoval; de Marina, Jos\u00e9 Rafael Ojeda Dur\u00e1n; la secretaria de Seguridad y Protecci\u00f3n Ciudadana, Rosa Icela Rodr\u00edguez Vel\u00e1zquez; el subsecretario de Derechos Humanos, Poblaci\u00f3n y Migraci\u00f3n, Alejandro Encinas Rodr\u00edguez; la comisionada nacional de los Derechos Humanos, Mar\u00eda Rosario Ibarra Piedra; el coordinador general de Comunicaci\u00f3n Social y Vocero del Gobierno de la Rep\u00fablica, Jesus Ram\u00edrez Cuevas; el representante de las Personas Comisionadas Expertas, Abel Barrera Hern\u00e1ndez; la representante de Familiares, V\u00edctimas y Sobrevivientes, Tita Radilla Mart\u00ednez y el presidente municipal de Chihuahua, Marco Antonio Bonilla Mendoza.<\/p>\n","protected":false},"excerpt":{"rendered":"<p>CIUDAD JU\u00c1REZ, Gro. * 10 de diciembre de 2021. ) Gobierno de M\u00e9xico. En su visita a Chihuahua, el presidente Andr\u00e9s Manuel L\u00f3pez Obrador instal\u00f3 la Comisi\u00f3n para el acceso a la verdad, el esclarecimiento y el impulso a la justicia por las violaciones graves a los derechos humanos cometidas de 1965 a 1990. El&#8230;<\/p>\n","protected":false},"author":2,"featured_media":1235526,"comment_status":"closed","ping_status":"closed","sticky":false,"template":"","format":"standard","meta":{"footnotes":""},"categories":[1969,1972,1998],"tags":[],"class_list":["post-1235522","post","type-post","status-publish","format-standard","has-post-thumbnail","hentry","category-trending","category-special","category-proteccion-ciudadana"],"_links":{"self":[{"href":"https:\/\/www.acapulcopress.com\/index.php\/wp-json\/wp\/v2\/posts\/1235522","targetHints":{"allow":["GET"]}}],"collection":[{"href":"https:\/\/www.acapulcopress.com\/index.php\/wp-json\/wp\/v2\/posts"}],"about":[{"href":"https:\/\/www.acapulcopress.com\/index.php\/wp-json\/wp\/v2\/types\/post"}],"author":[{"embeddable":true,"href":"https:\/\/www.acapulcopress.com\/index.php\/wp-json\/wp\/v2\/users\/2"}],"replies":[{"embeddable":true,"href":"https:\/\/www.acapulcopress.com\/index.php\/wp-json\/wp\/v2\/comments?post=1235522"}],"version-history":[{"count":0,"href":"https:\/\/www.acapulcopress.com\/index.php\/wp-json\/wp\/v2\/posts\/1235522\/revisions"}],"wp:featuredmedia":[{"embeddable":true,"href":"https:\/\/www.acapulcopress.com\/index.php\/wp-json\/"}],"wp:attachment":[{"href":"https:\/\/www.acapulcopress.com\/index.php\/wp-json\/wp\/v2\/media?parent=1235522"}],"wp:term":[{"taxonomy":"category","embeddable":true,"href":"https:\/\/www.acapulcopress.com\/index.php\/wp-json\/wp\/v2\/categories?post=1235522"},{"taxonomy":"post_tag","embeddable":true,"href":"https:\/\/www.acapulcopress.com\/index.php\/wp-json\/wp\/v2\/tags?post=1235522"}],"curies":[{"name":"wp","href":"https:\/\/api.w.org\/{rel}","templated":true}]}}