{"id":1235531,"date":"2021-12-10T21:12:32","date_gmt":"2021-12-11T03:12:32","guid":{"rendered":"https:\/\/www.acapulco.press\/?p=1235531"},"modified":"2021-12-10T21:12:32","modified_gmt":"2021-12-11T03:12:32","slug":"angel-irra-mas-respeto-a-la-gobernadora-evelyn","status":"publish","type":"post","link":"https:\/\/www.acapulcopress.com\/index.php\/2021\/12\/10\/angel-irra-mas-respeto-a-la-gobernadora-evelyn\/","title":{"rendered":"\u00c1ngel Irra |  \u00a1M\u00e1s respeto a la gobernadora Evelyn!"},"content":{"rendered":"<p style=\"text-align: justify;\">Un Rapid\u00edn<br \/>\n\u00bb <strong>\u00c1ngel Irra Carceda<\/strong><br \/>\n<em>) angelirracar@hotmail.com<\/em><br \/>\n] Facebook <em>| <a href=\"https:\/\/www.facebook.com\/angel.irracarceda.7\" target=\"_blank\" rel=\"noopener\">angel.irracarceda.7<\/a><\/em><\/p>\n<p>Solo se cancel\u00f3 la posada del secretario de Turismo del estado, Santos Ram\u00edrez Cuevas, y no le piden la renuncia.<\/p>\n<p>El funcionario estatal organizaba una posada en esa dependencia, pero con el patrocinio de empresarios de Acapulco.<\/p>\n<p>Nada que le gust\u00f3 eso a la gobernadora Evelin Cecia Salgado Pineda, y de tajo le cancel\u00f3 su posadita.<\/p>\n<p>El jueves, la gobernadora firm\u00f3 un c\u00f3digo de \u00e9ticas para los servidores p\u00fablicos del gobierno del estado.<\/p>\n<p>Los convoc\u00f3 a conducirse con rectitud, con integridad, a actuar de forma correcta en el ejercicio del servicio p\u00fablico bajo una pol\u00edtica de cero tolerancia a la corrupci\u00f3n.<\/p>\n<p>Entonces, establecido y firmado ese c\u00f3digo de \u00e9tica, \u00bfno proced\u00eda el inmediato el cese del mencionado funcionario estatal?<\/p>\n<p>Adem\u00e1s, \u00bfvale o no el llamado de la gobernadora a sus subordinados?<\/p>\n","protected":false},"excerpt":{"rendered":"<p>Un Rapid\u00edn \u00bb \u00c1ngel Irra Carceda ) angelirracar@hotmail.com ] Facebook | angel.irracarceda.7 Solo se cancel\u00f3 la posada del secretario de Turismo del estado, Santos Ram\u00edrez Cuevas, y no le piden la renuncia. El funcionario estatal organizaba una posada en esa dependencia, pero con el patrocinio de empresarios de Acapulco. Nada que le gust\u00f3 eso a&#8230;<\/p>\n","protected":false},"author":2,"featured_media":1235532,"comment_status":"closed","ping_status":"closed","sticky":false,"template":"","format":"standard","meta":{"footnotes":""},"categories":[1972,2071,1991],"tags":[3938,17511],"class_list":["post-1235531","post","type-post","status-publish","format-standard","has-post-thumbnail","hentry","category-special","category-opinion-analisis-columnas","category-libertad-de-expresion","tag-angel-irra-carceda","tag-un-rapidin"],"_links":{"self":[{"href":"https:\/\/www.acapulcopress.com\/index.php\/wp-json\/wp\/v2\/posts\/1235531","targetHints":{"allow":["GET"]}}],"collection":[{"href":"https:\/\/www.acapulcopress.com\/index.php\/wp-json\/wp\/v2\/posts"}],"about":[{"href":"https:\/\/www.acapulcopress.com\/index.php\/wp-json\/wp\/v2\/types\/post"}],"author":[{"embeddable":true,"href":"https:\/\/www.acapulcopress.com\/index.php\/wp-json\/wp\/v2\/users\/2"}],"replies":[{"embeddable":true,"href":"https:\/\/www.acapulcopress.com\/index.php\/wp-json\/wp\/v2\/comments?post=1235531"}],"version-history":[{"count":0,"href":"https:\/\/www.acapulcopress.com\/index.php\/wp-json\/wp\/v2\/posts\/1235531\/revisions"}],"wp:featuredmedia":[{"embeddable":true,"href":"https:\/\/www.acapulcopress.com\/index.php\/wp-json\/"}],"wp:attachment":[{"href":"https:\/\/www.acapulcopress.com\/index.php\/wp-json\/wp\/v2\/media?parent=1235531"}],"wp:term":[{"taxonomy":"category","embeddable":true,"href":"https:\/\/www.acapulcopress.com\/index.php\/wp-json\/wp\/v2\/categories?post=1235531"},{"taxonomy":"post_tag","embeddable":true,"href":"https:\/\/www.acapulcopress.com\/index.php\/wp-json\/wp\/v2\/tags?post=1235531"}],"curies":[{"name":"wp","href":"https:\/\/api.w.org\/{rel}","templated":true}]}}