{"id":1235537,"date":"2021-12-10T22:17:25","date_gmt":"2021-12-11T04:17:25","guid":{"rendered":"https:\/\/www.acapulco.press\/?p=1235537"},"modified":"2021-12-10T22:17:25","modified_gmt":"2021-12-11T04:17:25","slug":"clausura-secretario-de-educacion-congreso-internacional-de-uagro","status":"publish","type":"post","link":"https:\/\/www.acapulcopress.com\/index.php\/2021\/12\/10\/clausura-secretario-de-educacion-congreso-internacional-de-uagro\/","title":{"rendered":"Clausura secretario de Educaci\u00f3n Congreso Internacional de UAGro"},"content":{"rendered":"<p>CHILPANCINGO. * 10 de diciembre de 2021.<br \/>\n) SEG.<\/p>\n<p style=\"text-align: justify;\">El secretario de Educaci\u00f3n en Guerrero, Marcial Rodr\u00edguez Salda\u00f1a, clausur\u00f3 los trabajos del Congreso Internacional, organizado por la Maestr\u00eda de Derecho Social de la Universidad Aut\u00f3nma de Guerrero (UAGro), en el cual participaron 16 universidades de 14 pa\u00edses del mundo.<\/p>\n<p style=\"text-align: justify;\">Rodr\u00edguez Salda\u00f1a transmiti\u00f3 una felicitaci\u00f3n y reconocimiento de parte de la Gobernadora Evelyn Salgado Pineda, quien impulsa la ampliaci\u00f3n de los derechos sociales todos los habitantes de la entidad, como parte de la Cuarta Transformaci\u00f3n en Guerrero.<\/p>\n<p style=\"text-align: justify;\">Asistieron al evento la Dra. Xochil Astudillo Miller, en representaci\u00f3n del Rector Jos\u00e9 Alfredo Romero Olea; la Dra. Am\u00e9rica Bautista, directora de la Unidad Acad\u00e9mica de Derecho; la Dra. Noemi Ascensi\u00f3n, coordinadora de la Maestr\u00eda de Derecho Social, y docentes, investigadores y alumnos de posgrado.<\/p>\n","protected":false},"excerpt":{"rendered":"<p>CHILPANCINGO. * 10 de diciembre de 2021. ) SEG. El secretario de Educaci\u00f3n en Guerrero, Marcial Rodr\u00edguez Salda\u00f1a, clausur\u00f3 los trabajos del Congreso Internacional, organizado por la Maestr\u00eda de Derecho Social de la Universidad Aut\u00f3nma de Guerrero (UAGro), en el cual participaron 16 universidades de 14 pa\u00edses del mundo. Rodr\u00edguez Salda\u00f1a transmiti\u00f3 una felicitaci\u00f3n y&#8230;<\/p>\n","protected":false},"author":2,"featured_media":1235538,"comment_status":"closed","ping_status":"closed","sticky":false,"template":"","format":"standard","meta":{"footnotes":""},"categories":[1969,2081],"tags":[12459,16169,16362,17463],"class_list":["post-1235537","post","type-post","status-publish","format-standard","has-post-thumbnail","hentry","category-trending","category-seg","tag-marcial-rodriguez-salgada","tag-secretaria-de-educacion-guerrero-seg","tag-seg","tag-uagro"],"_links":{"self":[{"href":"https:\/\/www.acapulcopress.com\/index.php\/wp-json\/wp\/v2\/posts\/1235537","targetHints":{"allow":["GET"]}}],"collection":[{"href":"https:\/\/www.acapulcopress.com\/index.php\/wp-json\/wp\/v2\/posts"}],"about":[{"href":"https:\/\/www.acapulcopress.com\/index.php\/wp-json\/wp\/v2\/types\/post"}],"author":[{"embeddable":true,"href":"https:\/\/www.acapulcopress.com\/index.php\/wp-json\/wp\/v2\/users\/2"}],"replies":[{"embeddable":true,"href":"https:\/\/www.acapulcopress.com\/index.php\/wp-json\/wp\/v2\/comments?post=1235537"}],"version-history":[{"count":0,"href":"https:\/\/www.acapulcopress.com\/index.php\/wp-json\/wp\/v2\/posts\/1235537\/revisions"}],"wp:featuredmedia":[{"embeddable":true,"href":"https:\/\/www.acapulcopress.com\/index.php\/wp-json\/"}],"wp:attachment":[{"href":"https:\/\/www.acapulcopress.com\/index.php\/wp-json\/wp\/v2\/media?parent=1235537"}],"wp:term":[{"taxonomy":"category","embeddable":true,"href":"https:\/\/www.acapulcopress.com\/index.php\/wp-json\/wp\/v2\/categories?post=1235537"},{"taxonomy":"post_tag","embeddable":true,"href":"https:\/\/www.acapulcopress.com\/index.php\/wp-json\/wp\/v2\/tags?post=1235537"}],"curies":[{"name":"wp","href":"https:\/\/api.w.org\/{rel}","templated":true}]}}