{"id":1235549,"date":"2021-12-13T07:53:08","date_gmt":"2021-12-13T13:53:08","guid":{"rendered":"https:\/\/www.acapulco.press\/?p=1235549"},"modified":"2021-12-13T07:53:08","modified_gmt":"2021-12-13T13:53:08","slug":"gobernadora-evelyn-salgado-reconoce-y-ratifica-a-juan-sanchez-andraca-en-su-cargo","status":"publish","type":"post","link":"https:\/\/www.acapulcopress.com\/index.php\/2021\/12\/13\/gobernadora-evelyn-salgado-reconoce-y-ratifica-a-juan-sanchez-andraca-en-su-cargo\/","title":{"rendered":"Gobernadora Evelyn Salgado reconoce y ratifica a Juan S\u00e1nchez Andraca en su cargo"},"content":{"rendered":"<p style=\"text-align: justify;\">CHILPANCINGO, Gro. * 13 de diciembre de 2021.<br \/>\n<em>) SEG.<br \/>\n<\/em><img loading=\"lazy\" decoding=\"async\" class=\"alignleft size-medium wp-image-1235581\" src=\"https:\/\/www.acapulco.press\/wp-content\/uploads\/2021\/12\/Juan-Sanchez-375x250.jpg\" alt=\"\" width=\"375\" height=\"250\" \/>La gobernadora del Estado, Evelyn Salgado Pineda instruy\u00f3 al Secretario de Educaci\u00f3n en Guerrero, Marcial Rodr\u00edguez Salda\u00f1a,\u00a0 la ratificaci\u00f3n de su cargo en la SEG del destacado Maestro Juan S\u00e1nchez Andraca, destacado escritor y promotor cultural de nuestra entidad. As\u00ed mismo, indic\u00f3 reconocer su labor profesional.<\/p>\n<p style=\"text-align: justify;\">Rodr\u00edguez Salda\u00f1a, expuso que S\u00e1nchez Andraca escribio el libro \u00abUn nexicano m\u00e1s\u00bb y fund\u00f3 el peri\u00f3dico mural \u00abAs\u00ed Somos\u00bb, que ha descrito gran parte de la historia y cultura de todos los municipios de Guerrero.<\/p>\n<div style=\"width: 640px;\" class=\"wp-video\"><video class=\"wp-video-shortcode\" id=\"video-1235549-1\" width=\"640\" height=\"368\" preload=\"metadata\" controls=\"controls\"><source type=\"video\/mp4\" src=\"https:\/\/www.acapulco.press\/wp-content\/uploads\/2021\/12\/SANCHEZ-ANDRACA-JUAN.mp4?_=1\" \/><a href=\"https:\/\/www.acapulco.press\/wp-content\/uploads\/2021\/12\/SANCHEZ-ANDRACA-JUAN.mp4\">https:\/\/www.acapulco.press\/wp-content\/uploads\/2021\/12\/SANCHEZ-ANDRACA-JUAN.mp4<\/a><\/video><\/div>\n","protected":false},"excerpt":{"rendered":"<p>CHILPANCINGO, Gro. * 13 de diciembre de 2021. ) SEG. La gobernadora del Estado, Evelyn Salgado Pineda instruy\u00f3 al Secretario de Educaci\u00f3n en Guerrero, Marcial Rodr\u00edguez Salda\u00f1a,\u00a0 la ratificaci\u00f3n de su cargo en la SEG del destacado Maestro Juan S\u00e1nchez Andraca, destacado escritor y promotor cultural de nuestra entidad. As\u00ed mismo, indic\u00f3 reconocer su labor&#8230;<\/p>\n","protected":false},"author":2,"featured_media":1235581,"comment_status":"closed","ping_status":"closed","sticky":false,"template":"","format":"standard","meta":{"footnotes":""},"categories":[1969,2081],"tags":[12459,16169,16362],"class_list":["post-1235549","post","type-post","status-publish","format-standard","has-post-thumbnail","hentry","category-trending","category-seg","tag-marcial-rodriguez-salgada","tag-secretaria-de-educacion-guerrero-seg","tag-seg"],"_links":{"self":[{"href":"https:\/\/www.acapulcopress.com\/index.php\/wp-json\/wp\/v2\/posts\/1235549","targetHints":{"allow":["GET"]}}],"collection":[{"href":"https:\/\/www.acapulcopress.com\/index.php\/wp-json\/wp\/v2\/posts"}],"about":[{"href":"https:\/\/www.acapulcopress.com\/index.php\/wp-json\/wp\/v2\/types\/post"}],"author":[{"embeddable":true,"href":"https:\/\/www.acapulcopress.com\/index.php\/wp-json\/wp\/v2\/users\/2"}],"replies":[{"embeddable":true,"href":"https:\/\/www.acapulcopress.com\/index.php\/wp-json\/wp\/v2\/comments?post=1235549"}],"version-history":[{"count":0,"href":"https:\/\/www.acapulcopress.com\/index.php\/wp-json\/wp\/v2\/posts\/1235549\/revisions"}],"wp:featuredmedia":[{"embeddable":true,"href":"https:\/\/www.acapulcopress.com\/index.php\/wp-json\/"}],"wp:attachment":[{"href":"https:\/\/www.acapulcopress.com\/index.php\/wp-json\/wp\/v2\/media?parent=1235549"}],"wp:term":[{"taxonomy":"category","embeddable":true,"href":"https:\/\/www.acapulcopress.com\/index.php\/wp-json\/wp\/v2\/categories?post=1235549"},{"taxonomy":"post_tag","embeddable":true,"href":"https:\/\/www.acapulcopress.com\/index.php\/wp-json\/wp\/v2\/tags?post=1235549"}],"curies":[{"name":"wp","href":"https:\/\/api.w.org\/{rel}","templated":true}]}}