{"id":1235556,"date":"2021-12-13T13:30:10","date_gmt":"2021-12-13T19:30:10","guid":{"rendered":"https:\/\/www.acapulco.press\/?p=1235556"},"modified":"2021-12-13T13:30:10","modified_gmt":"2021-12-13T19:30:10","slug":"rechaza-cesar-flores-poseer-camioneta-blindada-del-gobierno-del-estado","status":"publish","type":"post","link":"https:\/\/www.acapulcopress.com\/index.php\/2021\/12\/13\/rechaza-cesar-flores-poseer-camioneta-blindada-del-gobierno-del-estado\/","title":{"rendered":"Rechaza C\u00e9sar Flores poseer camioneta blindada del gobierno del Estado"},"content":{"rendered":"<p>ACAPULCO, Gro. * 13 de diciembre de 2021.<br \/>\n<em>) Especial.<\/em><\/p>\n<p style=\"text-align: justify;\">C\u00e9sar Flores Maldonado, exasesor personal del exgobernador H\u00e9ctor Astudillo Flores, rechaz\u00f3 tener en su poder una camineta Chevrolet, tipo Suburban blindada de color blanca, como se\u00f1ala un informe impreciso de la Direcci\u00f3n General de Control Patrimonial del actual gobierno estatal, difundido este lunes en algunos medios de comunicaci\u00f3n.<\/p>\n<p style=\"text-align: justify;\">\u201cNunca jam\u00e1s recib\u00ed el gobierno de Guerrero una camioneta Suburban, y menos blindada\u201d, revir\u00f3 tajante Flores Maldonado, quien aclar\u00f3 que el \u00fanico veh\u00edculo que recibi\u00f3 para uso oficial de sus labores fue una Jeep Cherokee, color gris, que regres\u00f3 \u00aben tiempo y forma dos d\u00edas antes de concluir la anterior administraci\u00f3n\u00bb, por lo que invit\u00f3 a la dependencia que incluy\u00f3 su nombre en la lista de ex funcionarios a quienes se les dot\u00f3 de un veh\u00edculo para desempe\u00f1ar sus tareas a que s ecerciore con los ex secretarios y ex subsecetarios de Finanzas si existe alg\u00fan docomuento firmado por \u00e9l, porque jam\u00e1s recibi\u00f3 veh\u00edculo alguno con las caractert\u00edsticas que mand\u00f3 publicar la Direcci\u00f3n General de Control Patrimonial.<\/p>\n","protected":false},"excerpt":{"rendered":"<p>ACAPULCO, Gro. * 13 de diciembre de 2021. ) Especial. C\u00e9sar Flores Maldonado, exasesor personal del exgobernador H\u00e9ctor Astudillo Flores, rechaz\u00f3 tener en su poder una camineta Chevrolet, tipo Suburban blindada de color blanca, como se\u00f1ala un informe impreciso de la Direcci\u00f3n General de Control Patrimonial del actual gobierno estatal, difundido este lunes en algunos&#8230;<\/p>\n","protected":false},"author":2,"featured_media":1235557,"comment_status":"closed","ping_status":"closed","sticky":false,"template":"","format":"standard","meta":{"footnotes":""},"categories":[1983,18561],"tags":[5628,9302],"class_list":["post-1235556","post","type-post","status-publish","format-standard","has-post-thumbnail","hentry","category-guerrerogob","category-society-politics","tag-cesar-flores-maldonado","tag-gobierno-de-guerrero"],"_links":{"self":[{"href":"https:\/\/www.acapulcopress.com\/index.php\/wp-json\/wp\/v2\/posts\/1235556","targetHints":{"allow":["GET"]}}],"collection":[{"href":"https:\/\/www.acapulcopress.com\/index.php\/wp-json\/wp\/v2\/posts"}],"about":[{"href":"https:\/\/www.acapulcopress.com\/index.php\/wp-json\/wp\/v2\/types\/post"}],"author":[{"embeddable":true,"href":"https:\/\/www.acapulcopress.com\/index.php\/wp-json\/wp\/v2\/users\/2"}],"replies":[{"embeddable":true,"href":"https:\/\/www.acapulcopress.com\/index.php\/wp-json\/wp\/v2\/comments?post=1235556"}],"version-history":[{"count":0,"href":"https:\/\/www.acapulcopress.com\/index.php\/wp-json\/wp\/v2\/posts\/1235556\/revisions"}],"wp:featuredmedia":[{"embeddable":true,"href":"https:\/\/www.acapulcopress.com\/index.php\/wp-json\/"}],"wp:attachment":[{"href":"https:\/\/www.acapulcopress.com\/index.php\/wp-json\/wp\/v2\/media?parent=1235556"}],"wp:term":[{"taxonomy":"category","embeddable":true,"href":"https:\/\/www.acapulcopress.com\/index.php\/wp-json\/wp\/v2\/categories?post=1235556"},{"taxonomy":"post_tag","embeddable":true,"href":"https:\/\/www.acapulcopress.com\/index.php\/wp-json\/wp\/v2\/tags?post=1235556"}],"curies":[{"name":"wp","href":"https:\/\/api.w.org\/{rel}","templated":true}]}}