{"id":1235627,"date":"2021-12-14T20:27:44","date_gmt":"2021-12-15T02:27:44","guid":{"rendered":"https:\/\/www.acapulco.press\/?p=1235627"},"modified":"2021-12-14T20:27:44","modified_gmt":"2021-12-15T02:27:44","slug":"fap-no-desaparece-recibira-incremento-en-paquete-fiscal-2022-finanzas","status":"publish","type":"post","link":"https:\/\/www.acapulcopress.com\/index.php\/2021\/12\/14\/fap-no-desaparece-recibira-incremento-en-paquete-fiscal-2022-finanzas\/","title":{"rendered":"#FAP no desaparece; recibir\u00e1 incremento en Paquete Fiscal 2022 | Finanzas"},"content":{"rendered":"<p style=\"text-align: justify;\">CHILPANCINGO. * 14 de diciembre de 2021.<br \/>\n<em>) Gobierno de Guerrero.<\/em><\/p>\n<p style=\"text-align: justify;\">Ante representantes de medios de comunicaci\u00f3n el secretario de Finanzas y Administraci\u00f3n, Raymundo Segura Estrada, inform\u00f3 que el programa<em> Fondo de Apoyo a Periodistas<\/em> (FAP) en la propuesta del Paquete Fiscal 2022, contempla un incremento con la finalidad de mejorar las condiciones de los periodistas afiliados.<\/p>\n<p style=\"text-align: justify;\">Lo anterior lo declar\u00f3, luego de que trascendiera que dicho fondo no estaba contemplado en el documento presentado el pasado 30 de noviembre del a\u00f1o en curso, ante la 63 Legislatura del Congreso local, para su an\u00e1lisis, discusi\u00f3n y en su caso aprobaci\u00f3n.<\/p>\n<p style=\"text-align: justify;\">\u201cNunca hubo tal eliminaci\u00f3n, inclusive se reconsider\u00f3 para que se incrementara, quiero ser muy enf\u00e1tico que nunca desapareci\u00f3 ese apoyo, desconozco el origen de esa informaci\u00f3n; el compromiso de la gobernadora Evelyn Salgado Pineda, con este programa es ampliarlo y mejorar las condiciones de todos ustedes\u201d, agreg\u00f3.<\/p>\n<p style=\"text-align: justify;\">Segura Estrada, se\u00f1al\u00f3 que la gobernadora es una gran aliada de la libertad de expresi\u00f3n; sin embargo, debido a la crisis financiera que enfrenta la actual administraci\u00f3n, los recursos son limitados por los cr\u00e9ditos bancarios que el gobierno estatal contrat\u00f3 para poder hacerle frente a los compromisos de fin de a\u00f1o.<\/p>\n<p style=\"text-align: justify;\">El funcionario estatal, mencion\u00f3 que se continuar\u00e1 trabajando en las proyecciones para lograr que el pr\u00f3ximo a\u00f1o se alcance una estabilidad financiera, considerando la coordinaci\u00f3n y el apoyo por parte de la federaci\u00f3n.<\/p>\n","protected":false},"excerpt":{"rendered":"<p>CHILPANCINGO. * 14 de diciembre de 2021. ) Gobierno de Guerrero. Ante representantes de medios de comunicaci\u00f3n el secretario de Finanzas y Administraci\u00f3n, Raymundo Segura Estrada, inform\u00f3 que el programa Fondo de Apoyo a Periodistas (FAP) en la propuesta del Paquete Fiscal 2022, contempla un incremento con la finalidad de mejorar las condiciones de los&#8230;<\/p>\n","protected":false},"author":2,"featured_media":1235628,"comment_status":"closed","ping_status":"closed","sticky":false,"template":"","format":"standard","meta":{"footnotes":""},"categories":[18588,1972,2008],"tags":[8762,9302,15324],"class_list":["post-1235627","post","type-post","status-publish","format-standard","has-post-thumbnail","hentry","category-especiales-editorial","category-special","category-editorial","tag-fondo-de-apoyo-a-perodistas-de-guerrero-fap","tag-gobierno-de-guerrero","tag-raymundo-segura-estrada"],"_links":{"self":[{"href":"https:\/\/www.acapulcopress.com\/index.php\/wp-json\/wp\/v2\/posts\/1235627","targetHints":{"allow":["GET"]}}],"collection":[{"href":"https:\/\/www.acapulcopress.com\/index.php\/wp-json\/wp\/v2\/posts"}],"about":[{"href":"https:\/\/www.acapulcopress.com\/index.php\/wp-json\/wp\/v2\/types\/post"}],"author":[{"embeddable":true,"href":"https:\/\/www.acapulcopress.com\/index.php\/wp-json\/wp\/v2\/users\/2"}],"replies":[{"embeddable":true,"href":"https:\/\/www.acapulcopress.com\/index.php\/wp-json\/wp\/v2\/comments?post=1235627"}],"version-history":[{"count":0,"href":"https:\/\/www.acapulcopress.com\/index.php\/wp-json\/wp\/v2\/posts\/1235627\/revisions"}],"wp:featuredmedia":[{"embeddable":true,"href":"https:\/\/www.acapulcopress.com\/index.php\/wp-json\/"}],"wp:attachment":[{"href":"https:\/\/www.acapulcopress.com\/index.php\/wp-json\/wp\/v2\/media?parent=1235627"}],"wp:term":[{"taxonomy":"category","embeddable":true,"href":"https:\/\/www.acapulcopress.com\/index.php\/wp-json\/wp\/v2\/categories?post=1235627"},{"taxonomy":"post_tag","embeddable":true,"href":"https:\/\/www.acapulcopress.com\/index.php\/wp-json\/wp\/v2\/tags?post=1235627"}],"curies":[{"name":"wp","href":"https:\/\/api.w.org\/{rel}","templated":true}]}}