{"id":1235635,"date":"2021-12-14T20:43:12","date_gmt":"2021-12-15T02:43:12","guid":{"rendered":"https:\/\/www.acapulco.press\/?p=1235635"},"modified":"2021-12-14T20:43:12","modified_gmt":"2021-12-15T02:43:12","slug":"senador-anorve-recibe-reconocimiento-por-su-lucha-contra-trata-de-personas","status":"publish","type":"post","link":"https:\/\/www.acapulcopress.com\/index.php\/2021\/12\/14\/senador-anorve-recibe-reconocimiento-por-su-lucha-contra-trata-de-personas\/","title":{"rendered":"Senador A\u00f1orve recibe reconocimiento por su lucha contra trata de personas"},"content":{"rendered":"<p style=\"text-align: justify;\">CIUDAD DE M\u00c9XICO. * 14 de diciembre de 2021.<br \/>\n<em>) Especial.<\/em><\/p>\n<p style=\"text-align: justify;\">El Senador de la Rep\u00fablica Manuel A\u00f1orve Ba\u00f1os recibi\u00f3 de parte de la <em>Comisi\u00f3n Unidos Contra la Trata A.C,<\/em> que preside Rosi Orozco, la medalla \u00abHombres Forjadores de M\u00e9xico\u00bb y un reconocimiento por la lucha que ha emprendido contra la trata de personas.<\/p>\n<p style=\"text-align: justify;\">El evento se llev\u00f3 a cabo en el marco de la conmemoraci\u00f3n anual del D\u00eda Internacional de la Eliminaci\u00f3n de la Violencia contra la Mujer, con la participaci\u00f3n de <em>Jur\u00eddico Arrieta,<\/em> la Universidad Interamericana, la <em>Comisi\u00f3n Unidos contra la Trata A.C<\/em> y<em> Fundaci\u00f3n Alas Abiertas-Karla de la Cuesta A.C,<\/em> quienes destacaron la labor del legislador guerrerense en defensa de la vida, libertad y dignidad de las mujeres mexicanas.<\/p>\n<p style=\"text-align: justify;\">En su intervenci\u00f3n, A\u00f1orve Ba\u00f1os agradeci\u00f3 la distinci\u00f3n de su amiga Rosi Orozco, reconoci\u00e9ndola como una mujer trabajo y con determinaci\u00f3n para proteger a las mujeres, as\u00ed como tambi\u00e9n resalt\u00f3 la labor de su esposa, la diputada Julieta Fern\u00e1ndez M\u00e1rquez, quien desde siempre ha luchado a su lado por los derechos y la integridad de las mujeres. As\u00ed mismo, expres\u00f3 que desde el Senado seguir\u00e1 impulsando las acciones necesarias que permitan erradicar, prevenir y castigar el maltrato hacia la mujer; adem\u00e1s, felicit\u00f3 a sus compa\u00f1eros senadores Sylvana Beltrones, Nancy de la Sierra Ar\u00e1mburo y Eruviel \u00c1vila, por tambi\u00e9n recibir una medalla en reconocimiento a su trabajo defendiendo a las mujeres.<\/p>\n<p style=\"text-align: justify;\">Por su parte, Rosi Orozco destac\u00f3 la trayectoria del Senador A\u00f1orve y lo reconoci\u00f3 por mantener acciones permanentes para que este flagelo social, deje de lastimar a ni\u00f1as, ni\u00f1os, y mujeres. \u201cEs grato contar con voces fuertes como la del Senador A\u00f1orve, que ha sido un gran aliado en la lucha por proteger a mujeres y ni\u00f1as contra la trata de personas, as\u00ed como contar con el apoyo de su esposa Julieta Fern\u00e1ndez, que tambi\u00e9n desde su trinchera es una gran aliada de esta causa\u201d, puntualiz\u00f3.<\/p>\n","protected":false},"excerpt":{"rendered":"<p>CIUDAD DE M\u00c9XICO. * 14 de diciembre de 2021. ) Especial. El Senador de la Rep\u00fablica Manuel A\u00f1orve Ba\u00f1os recibi\u00f3 de parte de la Comisi\u00f3n Unidos Contra la Trata A.C, que preside Rosi Orozco, la medalla \u00abHombres Forjadores de M\u00e9xico\u00bb y un reconocimiento por la lucha que ha emprendido contra la trata de personas. El&#8230;<\/p>\n","protected":false},"author":2,"featured_media":1235636,"comment_status":"closed","ping_status":"closed","sticky":false,"template":"","format":"standard","meta":{"footnotes":""},"categories":[1972,61,18561],"tags":[6212,7218,12367,15830],"class_list":["post-1235635","post","type-post","status-publish","format-standard","has-post-thumbnail","hentry","category-special","category-legislacion","category-society-politics","tag-comision-unidos-contra-la-trata-ac","tag-dia-internacional-de-la-eliminacion-de-la-violencia-contra-la-mujer","tag-manuel-anorve-banos-r","tag-rosi-orozco"],"_links":{"self":[{"href":"https:\/\/www.acapulcopress.com\/index.php\/wp-json\/wp\/v2\/posts\/1235635","targetHints":{"allow":["GET"]}}],"collection":[{"href":"https:\/\/www.acapulcopress.com\/index.php\/wp-json\/wp\/v2\/posts"}],"about":[{"href":"https:\/\/www.acapulcopress.com\/index.php\/wp-json\/wp\/v2\/types\/post"}],"author":[{"embeddable":true,"href":"https:\/\/www.acapulcopress.com\/index.php\/wp-json\/wp\/v2\/users\/2"}],"replies":[{"embeddable":true,"href":"https:\/\/www.acapulcopress.com\/index.php\/wp-json\/wp\/v2\/comments?post=1235635"}],"version-history":[{"count":0,"href":"https:\/\/www.acapulcopress.com\/index.php\/wp-json\/wp\/v2\/posts\/1235635\/revisions"}],"wp:featuredmedia":[{"embeddable":true,"href":"https:\/\/www.acapulcopress.com\/index.php\/wp-json\/"}],"wp:attachment":[{"href":"https:\/\/www.acapulcopress.com\/index.php\/wp-json\/wp\/v2\/media?parent=1235635"}],"wp:term":[{"taxonomy":"category","embeddable":true,"href":"https:\/\/www.acapulcopress.com\/index.php\/wp-json\/wp\/v2\/categories?post=1235635"},{"taxonomy":"post_tag","embeddable":true,"href":"https:\/\/www.acapulcopress.com\/index.php\/wp-json\/wp\/v2\/tags?post=1235635"}],"curies":[{"name":"wp","href":"https:\/\/api.w.org\/{rel}","templated":true}]}}