{"id":1235645,"date":"2021-12-14T21:19:13","date_gmt":"2021-12-15T03:19:13","guid":{"rendered":"https:\/\/www.acapulco.press\/?p=1235645"},"modified":"2021-12-14T21:19:13","modified_gmt":"2021-12-15T03:19:13","slug":"con-morena-nada-dios-me-libre-palazuelos","status":"publish","type":"post","link":"https:\/\/www.acapulcopress.com\/index.php\/2021\/12\/14\/con-morena-nada-dios-me-libre-palazuelos\/","title":{"rendered":"Con Morena nada, dice Roberto Palazuelos"},"content":{"rendered":"<p style=\"text-align: justify;\">\u00bb \u00c1ngel | <strong>Blanco<\/strong><br \/>\nCIUDAD DE M\u00c9XICO. * 14 de diciembre de 2021.<br \/>\n<em>) Especial.<\/em><\/p>\n<p style=\"text-align: justify;\">El actor y empresario acapulque\u00f1o Roberto Palazuelos Badeaux\u00a0rechaz\u00f3 a Morena como el posible partido que lo respalde en su aspiraci\u00f3n a la gubernatura de Quintana Roo.<\/p>\n<p style=\"text-align: justify;\">\u201c\u00a1Dios me libre!\u201d, expres\u00f3 Palazuelos durante una entrevista a las afueras de Televisa, donde reiter\u00f3 que a\u00fan con un partido pol\u00edtico que lo respalde.<\/p>\n<p style=\"text-align: justify;\"><img loading=\"lazy\" decoding=\"async\" class=\"alignleft size-medium wp-image-1235638\" src=\"https:\/\/www.acapulco.press\/wp-content\/uploads\/2021\/12\/Roberto-Palazuelos-1-375x213.jpg\" alt=\"\" width=\"375\" height=\"213\" \/>Sobre la posibilidad de contener por Morena, de facto, dijo:\u00a0 \u201cNo. \u00a1Dios me libre! Ya ver\u00e1n ustedes el partido, esas cosas no las quiero hablar aqu\u00ed con espect\u00e1culos, pero est\u00e9n muy pendientes; se va a definir todo esta misma semana\u201d, agreg\u00f3 a reporteros.<\/p>\n<p style=\"text-align: justify;\">Roberto Palazuelos comparti\u00f3 con los medios de comunicaci\u00f3n la posibilidad de abandonar su carrera como actor para apostar abrirse paso en la pol\u00edtica y enfocarse cien por ciento en ello.\u00a0\u201cParece ser que como pintan las cosas, \u00a1este <em>rorro<\/em> ya se les va!, porque tiene la mano levantada para ser el pr\u00f3ximo gobernador de Quintana Roo, y estoy alto en las encuestas\u201d, declar\u00f3.<\/p>\n<p style=\"text-align: justify;\">Dej\u00f3 saber que pondr\u00eda todo su empe\u00f1o en trabajar por Quintana Roo: \u201cSi soy candidato y gano, por respeto a la gubernatura ya no volver\u00e9 a regresar a los foros y me dedicar\u00e9 a trabajar por mi estado, por mi gente, por la naturaleza y todo lo que hay que hacer\u201d. Como\u00a0gobernador habr\u00e1 lleguado hasta lo m\u00e1s alto, y despu\u00e9s de all\u00ed se retiro, advirti\u00f3.<\/p>\n<p style=\"text-align: justify;\">Sobre la Presidencia de M\u00e9xico dijo que \u201cesas palabras son muy fuertes. Ya veremos qu\u00e9 me depara el destino, igual y en una de esas s\u00ed\u201d se anima, revel\u00f3.<\/p>\n<p style=\"text-align: justify;\">Mientras tanto, Roberto Palazuelos contin\u00faa trabajando y compartiendo contenido en redes sociales sobre el cuidado de la ecolog\u00eda y la naturaleza en Quintana Roo, lo que podr\u00eda interpretarse como un avance de su campa\u00f1a pol\u00edtica.<\/p>\n","protected":false},"excerpt":{"rendered":"<p>\u00bb \u00c1ngel | Blanco CIUDAD DE M\u00c9XICO. * 14 de diciembre de 2021. ) Especial. El actor y empresario acapulque\u00f1o Roberto Palazuelos Badeaux\u00a0rechaz\u00f3 a Morena como el posible partido que lo respalde en su aspiraci\u00f3n a la gubernatura de Quintana Roo. \u201c\u00a1Dios me libre!\u201d, expres\u00f3 Palazuelos durante una entrevista a las afueras de Televisa, donde&#8230;<\/p>\n","protected":false},"author":2,"featured_media":1235637,"comment_status":"closed","ping_status":"closed","sticky":false,"template":"","format":"standard","meta":{"footnotes":""},"categories":[1988,1994,1997],"tags":[9316,15688],"class_list":["post-1235645","post","type-post","status-publish","format-standard","has-post-thumbnail","hentry","category-lifestyles","category-personalidades","category-noticias-destacadas","tag-gobierno-de-quintana-roo","tag-roberto-palazuelos-badeaux"],"_links":{"self":[{"href":"https:\/\/www.acapulcopress.com\/index.php\/wp-json\/wp\/v2\/posts\/1235645","targetHints":{"allow":["GET"]}}],"collection":[{"href":"https:\/\/www.acapulcopress.com\/index.php\/wp-json\/wp\/v2\/posts"}],"about":[{"href":"https:\/\/www.acapulcopress.com\/index.php\/wp-json\/wp\/v2\/types\/post"}],"author":[{"embeddable":true,"href":"https:\/\/www.acapulcopress.com\/index.php\/wp-json\/wp\/v2\/users\/2"}],"replies":[{"embeddable":true,"href":"https:\/\/www.acapulcopress.com\/index.php\/wp-json\/wp\/v2\/comments?post=1235645"}],"version-history":[{"count":0,"href":"https:\/\/www.acapulcopress.com\/index.php\/wp-json\/wp\/v2\/posts\/1235645\/revisions"}],"wp:featuredmedia":[{"embeddable":true,"href":"https:\/\/www.acapulcopress.com\/index.php\/wp-json\/"}],"wp:attachment":[{"href":"https:\/\/www.acapulcopress.com\/index.php\/wp-json\/wp\/v2\/media?parent=1235645"}],"wp:term":[{"taxonomy":"category","embeddable":true,"href":"https:\/\/www.acapulcopress.com\/index.php\/wp-json\/wp\/v2\/categories?post=1235645"},{"taxonomy":"post_tag","embeddable":true,"href":"https:\/\/www.acapulcopress.com\/index.php\/wp-json\/wp\/v2\/tags?post=1235645"}],"curies":[{"name":"wp","href":"https:\/\/api.w.org\/{rel}","templated":true}]}}