{"id":1235667,"date":"2021-12-14T11:30:29","date_gmt":"2021-12-14T17:30:29","guid":{"rendered":"https:\/\/www.acapulco.press\/?p=1235667"},"modified":"2021-12-14T11:30:29","modified_gmt":"2021-12-14T17:30:29","slug":"presidio-titular-de-seg-sesion-del-consejo-de-ciencia-y-tecnologia","status":"publish","type":"post","link":"https:\/\/www.acapulcopress.com\/index.php\/2021\/12\/14\/presidio-titular-de-seg-sesion-del-consejo-de-ciencia-y-tecnologia\/","title":{"rendered":"Presidi\u00f3 titular de SEG sesi\u00f3n del Consejo de Ciencia y Tecnolog\u00eda"},"content":{"rendered":"<p style=\"text-align: justify;\">CHILPANCINGO, Gro. * 14 de diciembre de 2021.<br \/>\n<em>) SEG.<\/em><br \/>\nPor indicaciones de la Gobernadora Evelyn Salgado Pineda, el secretario de Educaci\u00f3n en la entidad, Marcial Rodr\u00edguez Salda\u00f1a, presidi\u00f3 la sesi\u00f3n del Consejo de Ciencia, Tecnolog\u00eda e Innovaci\u00f3n en el Estado de Guerrero, en donde le tom\u00f3 protesta a Miguel \u00c1ngel Rend\u00f3n Liborio como director general de este organismo.<\/p>\n<p style=\"text-align: justify;\">Rodr\u00edguez Salda\u00f1a expuso que se debe impulsar de manera significativa la ciencia, la tecnolog\u00eda y la innovaci\u00f3n en esta entidad suriana para enfocarla a la atenci\u00f3n y soluci\u00f3n de problemas sociales, a efecto de generar el bienestar de la poblaci\u00f3n, como parte fundamental de la Cuarta Transformaci\u00f3n.<\/p>\n<p><img loading=\"lazy\" decoding=\"async\" class=\"alignnone wp-image-1235668 size-large\" src=\"https:\/\/www.acapulco.press\/wp-content\/uploads\/2021\/12\/MARCIAL-SEG-840x482.jpeg\" alt=\"\" width=\"840\" height=\"482\" \/><\/p>\n","protected":false},"excerpt":{"rendered":"<p>CHILPANCINGO, Gro. * 14 de diciembre de 2021. ) SEG. Por indicaciones de la Gobernadora Evelyn Salgado Pineda, el secretario de Educaci\u00f3n en la entidad, Marcial Rodr\u00edguez Salda\u00f1a, presidi\u00f3 la sesi\u00f3n del Consejo de Ciencia, Tecnolog\u00eda e Innovaci\u00f3n en el Estado de Guerrero, en donde le tom\u00f3 protesta a Miguel \u00c1ngel Rend\u00f3n Liborio como director&#8230;<\/p>\n","protected":false},"author":2,"featured_media":1235668,"comment_status":"closed","ping_status":"closed","sticky":false,"template":"","format":"standard","meta":{"footnotes":""},"categories":[1969,2081],"tags":[6809,8251,12457,16362],"class_list":["post-1235667","post","type-post","status-publish","format-standard","has-post-thumbnail","hentry","category-trending","category-seg","tag-cuarta-transformacion","tag-evelyn-salgado-pineda","tag-marcial-rodriguez-saldana","tag-seg"],"_links":{"self":[{"href":"https:\/\/www.acapulcopress.com\/index.php\/wp-json\/wp\/v2\/posts\/1235667","targetHints":{"allow":["GET"]}}],"collection":[{"href":"https:\/\/www.acapulcopress.com\/index.php\/wp-json\/wp\/v2\/posts"}],"about":[{"href":"https:\/\/www.acapulcopress.com\/index.php\/wp-json\/wp\/v2\/types\/post"}],"author":[{"embeddable":true,"href":"https:\/\/www.acapulcopress.com\/index.php\/wp-json\/wp\/v2\/users\/2"}],"replies":[{"embeddable":true,"href":"https:\/\/www.acapulcopress.com\/index.php\/wp-json\/wp\/v2\/comments?post=1235667"}],"version-history":[{"count":0,"href":"https:\/\/www.acapulcopress.com\/index.php\/wp-json\/wp\/v2\/posts\/1235667\/revisions"}],"wp:featuredmedia":[{"embeddable":true,"href":"https:\/\/www.acapulcopress.com\/index.php\/wp-json\/"}],"wp:attachment":[{"href":"https:\/\/www.acapulcopress.com\/index.php\/wp-json\/wp\/v2\/media?parent=1235667"}],"wp:term":[{"taxonomy":"category","embeddable":true,"href":"https:\/\/www.acapulcopress.com\/index.php\/wp-json\/wp\/v2\/categories?post=1235667"},{"taxonomy":"post_tag","embeddable":true,"href":"https:\/\/www.acapulcopress.com\/index.php\/wp-json\/wp\/v2\/tags?post=1235667"}],"curies":[{"name":"wp","href":"https:\/\/api.w.org\/{rel}","templated":true}]}}