{"id":1235675,"date":"2021-12-15T11:52:45","date_gmt":"2021-12-15T17:52:45","guid":{"rendered":"https:\/\/www.acapulco.press\/?p=1235675"},"modified":"2021-12-15T11:52:45","modified_gmt":"2021-12-15T17:52:45","slug":"interponen-amparo-contra-terna-ilegal-para-elegir-fiscal-de-guerrero","status":"publish","type":"post","link":"https:\/\/www.acapulcopress.com\/index.php\/2021\/12\/15\/interponen-amparo-contra-terna-ilegal-para-elegir-fiscal-de-guerrero\/","title":{"rendered":"Interponen amparo contra &#8216;terna ilegal&#8217; para elegir fiscal de Guerrero"},"content":{"rendered":"<p style=\"text-align: justify;\">* Tanto el Poder Ejecutivo como Legislativo violentaron la convocatoria al no investigar los antecedentes de los elegidos para la terna de la cual el Congreso elegir\u00e1 al pr\u00f3ximo titular de la Fiscal\u00eda de Guerrero.<\/p>\n<div class=\"cxmmr5t8 oygrvhab hcukyx3x c1et5uql o9v6fnle ii04i59q\" style=\"text-align: justify;\">\n<div dir=\"auto\"><strong>* Por esta omisi\u00f3n grave, la gobernadora Evelyn Salgado falt\u00f3 a sus propios principios de \u00abal margen de la ley, nada\u00bb y \u00abpor encima\u00bb de la misma, \u00abnadie\u00bb.<\/strong><\/div>\n<\/div>\n<p style=\"text-align: justify;\">ACAPULCO, Gro. * 15 de diciembre de 2021.<br \/>\n) <em><a href=\"https:\/\/sintesisdeguerrero.com.mx\/2021\/12\/15\/se-amparan-contra-designacion-el-fiscal-general-de-guerrero\/\" target=\"_blank\" rel=\"noopener\">S\u00edntesis de Guerrero<\/a>.<\/em><br \/>\nPor \u00abno gozar de buena reputaci\u00f3n\u00bb, la abogada Blanca Mar\u00eda del Roc\u00edo Estrada Ortega interpuso amparo indirecto ante un juez de distrito contra de los diputados locales de Guerrero y la gobernadora Evelyn Salgado Pineda, por violar la Convocatoria publicada el pasado 10 de noviembre para elegir Fiscal General de Guerrero.<\/p>\n<p style=\"text-align: justify;\">La tambi\u00e9n aspirante a fiscal general reclama que ambos poderes, Legislativo y Ejecutivo, han propuesto una terna con \u00abpersonajes que no gozan de buena fama p\u00fablica para ocupar ese cargo debido a que \u00abcuentan con averiguaciones previas en su contra\u00bb y\/o \u00abno cumplen los requisitos de la misma\u00bb.<\/p>\n<p style=\"text-align: justify;\">La quejosa asegura que \u00abJos\u00e9 Luis Gallegos Peralta, Anacleta L\u00f3pez Vega y Ludwig Marcial Rodr\u00edguez Reynoso, no re\u00fanen los requisitos publicados en la Convocatoria de fecha 10 de noviembre del 2021\u00bb.<\/p>\n<p style=\"text-align: justify;\">En espec\u00edfico, precisa que no acreditan la \u00abTercera\u00bb base del requisito establecido en la cl\u00e1usula \u201cDe los Requisitos\u201d, que subraya que el aspirante debe \u00abGozar de buena reputaci\u00f3n, no haber sido condenado por delito que amerite penal corporal, ni estar inhabilitado para el desempe\u00f1o de cargo p\u00fablicos\u201d.<\/p>\n<p style=\"text-align: justify;\">Por tal motivo, la abogada solicita al juez se suspenda en definitiva la designaci\u00f3n del Titular al cargo de Fiscal General del Estado de Guerrero, por \u00abviolar el debido proceso de la elecci\u00f3n de los aspirantes en t\u00e9rminos de la Convocatoria emitida por el Congreso del Estado\u00bb.<\/p>\n<p style=\"text-align: justify;\">Estrada Ortega se\u00f1ala que ella, como muchos otros, se registr\u00f3 y cumpli\u00f3 con cada uno de los requisitos para competir por el cargo, pero sorpresivamente se enter\u00f3 que quienes \u00abno cumplen con los requisitos\u00bb, de entre cuarenta y cuatro aspirantes, \u00abfueron propuestos en una terna enviada por el Poder Ejecutivo al Legislativo para la designaci\u00f3n el titular de tal cargo\u00bb, sin investigar la titular del Poder Ejecutivo \u201csi, efectivamente, estos citados aspirantes, cumpl\u00edan con este requisito\u201d.<\/p>\n<p style=\"text-align: justify;\">El amparo indirecto se\u00f1ala quie en el caso del aspirante Jos\u00e9 Luis #Gallegos Peralta, \u00e9ste cuenta con las siguientes averiguaciones previas en su contra: AZUE\/SC\/0582\/2003, por el delito de \u00abDespojo\u00bb; TAB\/SC\/06\/0340\/2005, por delito de \u00abfalsificaci\u00f3n y uso indebido de documentos\u00bb, y TAB\/CAZ\/06\/0727\/2006, por el delito de \u00abfraude procesal\u00bb, sin contar una m\u00e1s que tiene por \u00abamenazas\u00bb.<\/p>\n<p style=\"text-align: justify;\">Por lo que hace a la aspirante #Anacleta L\u00f3pez Vega, en el a\u00f1o 1999, fue separada de su cargo de Juez Penal de Primera Instancia del Poder Judicial del Estado de Guerrero, por diversas anomal\u00edas administrativas, adem\u00e1s que reci\u00e9ntemente fungi\u00f3 como titular de una dependencia, a saber, la Secretar\u00eda General de Gobierno en la administraci\u00f3n de Antonio Gaspar Beltr\u00e1n, que gobern\u00f3 Chilpancingo de 2018 a 2021.<\/p>\n<p style=\"text-align: justify;\">En tanto que el Aspirante #Ludwig Marcial Rodr\u00edguez Reynoso, al momento en que se registr\u00f3 ante Secretar\u00eda T\u00e9cnica de la Junta de Coordinaci\u00f3n Pol\u00edtica no hab\u00eda renunciado al cargo de Subsecretario de Asuntos Pol\u00edticos de la Secretar\u00eda General de Gobierno, lo cual incumpl\u00eda tambi\u00e9n con los requisitos de la citada Convocatoria.<br \/>\n\u00abLa Junta de Coordinaci\u00f3n Pol\u00edtica, Proceso de Selecci\u00f3n y Designaci\u00f3n del Fiscal General de Justicia del Estado de Guerrero, no motiv\u00f3 ni fundament\u00f3 su acto de autoridad al remitirle a la Gobernadora la lista de los 44 aspirantes al cargo de Fiscal General, porque no investig\u00f3 si dichos candidatos reun\u00edan el requisito se\u00f1alado en la Convocatoria\u00bb, argumenta la demandante, lo que convierte en arbitrario e inconstitucioal el acto del Poder Legislativo, que viola el Art\u00edcuclo 14 de la Constituci\u00f3n Pol\u00edtica de loe Estados Unidos Mexicanos.<\/p>\n<p style=\"text-align: justify;\">Por todo lo anterior, Blanca Estrada suscribe que el Poder Legislativo y el Poder Ejecutivo \u00abviolentaron el debido proceso de la Convocatoria para la Designaci\u00f3n del Fiscal General\u00bb, como se\u00f1alan las pruebas ofrecidas contra Jos\u00e9 Luis Gallegos Peralta, Anacleta L\u00f3pez Vega y Luduwig Marcial Reynoso, las cuales validan la petici\u00f3n de anulaci\u00f3n de designaci\u00f3n de Fiscal General del Estado.<\/p>\n","protected":false},"excerpt":{"rendered":"<p>* Tanto el Poder Ejecutivo como Legislativo violentaron la convocatoria al no investigar los antecedentes de los elegidos para la terna de la cual el Congreso elegir\u00e1 al pr\u00f3ximo titular de la Fiscal\u00eda de Guerrero. * Por esta omisi\u00f3n grave, la gobernadora Evelyn Salgado falt\u00f3 a sus propios principios de \u00abal margen de la ley,&#8230;<\/p>\n","protected":false},"author":2,"featured_media":1235676,"comment_status":"closed","ping_status":"closed","sticky":false,"template":"","format":"standard","meta":{"footnotes":""},"categories":[1969,1972,2005],"tags":[3864,6549,8251,11054,12140,14695,14700],"class_list":["post-1235675","post","type-post","status-publish","format-standard","has-post-thumbnail","hentry","category-trending","category-special","category-seguridad-y-justicia","tag-anacleta-lopez-vega","tag-convencion-nacional-de-fiscales-anticorrupcion-zona-centro","tag-evelyn-salgado-pineda","tag-jose-luis-gallegos-peralta","tag-ludwig-marcial-rodriguez-reynoso","tag-poder-ejecutivo-de-guerrero","tag-poder-legislativo-de-guerrero"],"_links":{"self":[{"href":"https:\/\/www.acapulcopress.com\/index.php\/wp-json\/wp\/v2\/posts\/1235675","targetHints":{"allow":["GET"]}}],"collection":[{"href":"https:\/\/www.acapulcopress.com\/index.php\/wp-json\/wp\/v2\/posts"}],"about":[{"href":"https:\/\/www.acapulcopress.com\/index.php\/wp-json\/wp\/v2\/types\/post"}],"author":[{"embeddable":true,"href":"https:\/\/www.acapulcopress.com\/index.php\/wp-json\/wp\/v2\/users\/2"}],"replies":[{"embeddable":true,"href":"https:\/\/www.acapulcopress.com\/index.php\/wp-json\/wp\/v2\/comments?post=1235675"}],"version-history":[{"count":0,"href":"https:\/\/www.acapulcopress.com\/index.php\/wp-json\/wp\/v2\/posts\/1235675\/revisions"}],"wp:featuredmedia":[{"embeddable":true,"href":"https:\/\/www.acapulcopress.com\/index.php\/wp-json\/"}],"wp:attachment":[{"href":"https:\/\/www.acapulcopress.com\/index.php\/wp-json\/wp\/v2\/media?parent=1235675"}],"wp:term":[{"taxonomy":"category","embeddable":true,"href":"https:\/\/www.acapulcopress.com\/index.php\/wp-json\/wp\/v2\/categories?post=1235675"},{"taxonomy":"post_tag","embeddable":true,"href":"https:\/\/www.acapulcopress.com\/index.php\/wp-json\/wp\/v2\/tags?post=1235675"}],"curies":[{"name":"wp","href":"https:\/\/api.w.org\/{rel}","templated":true}]}}