{"id":1235685,"date":"2021-12-15T19:21:09","date_gmt":"2021-12-16T01:21:09","guid":{"rendered":"https:\/\/www.acapulco.press\/?p=1235685"},"modified":"2021-12-15T19:21:09","modified_gmt":"2021-12-16T01:21:09","slug":"seg-y-cedh-impulsaran-los-derechos-humanos-en-el-sector-educativo","status":"publish","type":"post","link":"https:\/\/www.acapulcopress.com\/index.php\/2021\/12\/15\/seg-y-cedh-impulsaran-los-derechos-humanos-en-el-sector-educativo\/","title":{"rendered":"SEG y CEDH impulsar\u00e1n los derechos humanos en el sector educativo"},"content":{"rendered":"<p style=\"text-align: justify;\">CHILPANCINGO, Gro. * 15 de diciembre de 2021.<br \/>\n) Gobierno de Guerrero.<br \/>\nPor indicaciones de la gobernadora Evelyn Salgado Pineda, el secretario de Educaci\u00f3n en Guerrero, Marcial Rodr\u00edguez Salda\u00f1a, se reuni\u00f3 con la Mtra. Cecilia Narciso Gaytan, presidenta de la Comisi\u00f3n Estatal de Derechos Humanos, y juntos acordaron elaborar un convenio para la prevenci\u00f3n y protecci\u00f3n en todo el sector educativo.<\/p>\n<p style=\"text-align: justify;\">Rodr\u00edguez Salda\u00f1a, expuso que la gobernadora Evelyn Salgado Pineda tiene como una de sus prioridades la prevenci\u00f3n y protecci\u00f3n a los derechos humanos de toda la poblaci\u00f3n del Estado.<\/p>\n","protected":false},"excerpt":{"rendered":"<p>CHILPANCINGO, Gro. * 15 de diciembre de 2021. ) Gobierno de Guerrero. Por indicaciones de la gobernadora Evelyn Salgado Pineda, el secretario de Educaci\u00f3n en Guerrero, Marcial Rodr\u00edguez Salda\u00f1a, se reuni\u00f3 con la Mtra. Cecilia Narciso Gaytan, presidenta de la Comisi\u00f3n Estatal de Derechos Humanos, y juntos acordaron elaborar un convenio para la prevenci\u00f3n y&#8230;<\/p>\n","protected":false},"author":2,"featured_media":1235686,"comment_status":"closed","ping_status":"closed","sticky":false,"template":"","format":"standard","meta":{"footnotes":""},"categories":[1969,2081],"tags":[12459,16169,16362],"class_list":["post-1235685","post","type-post","status-publish","format-standard","has-post-thumbnail","hentry","category-trending","category-seg","tag-marcial-rodriguez-salgada","tag-secretaria-de-educacion-guerrero-seg","tag-seg"],"_links":{"self":[{"href":"https:\/\/www.acapulcopress.com\/index.php\/wp-json\/wp\/v2\/posts\/1235685","targetHints":{"allow":["GET"]}}],"collection":[{"href":"https:\/\/www.acapulcopress.com\/index.php\/wp-json\/wp\/v2\/posts"}],"about":[{"href":"https:\/\/www.acapulcopress.com\/index.php\/wp-json\/wp\/v2\/types\/post"}],"author":[{"embeddable":true,"href":"https:\/\/www.acapulcopress.com\/index.php\/wp-json\/wp\/v2\/users\/2"}],"replies":[{"embeddable":true,"href":"https:\/\/www.acapulcopress.com\/index.php\/wp-json\/wp\/v2\/comments?post=1235685"}],"version-history":[{"count":0,"href":"https:\/\/www.acapulcopress.com\/index.php\/wp-json\/wp\/v2\/posts\/1235685\/revisions"}],"wp:featuredmedia":[{"embeddable":true,"href":"https:\/\/www.acapulcopress.com\/index.php\/wp-json\/"}],"wp:attachment":[{"href":"https:\/\/www.acapulcopress.com\/index.php\/wp-json\/wp\/v2\/media?parent=1235685"}],"wp:term":[{"taxonomy":"category","embeddable":true,"href":"https:\/\/www.acapulcopress.com\/index.php\/wp-json\/wp\/v2\/categories?post=1235685"},{"taxonomy":"post_tag","embeddable":true,"href":"https:\/\/www.acapulcopress.com\/index.php\/wp-json\/wp\/v2\/tags?post=1235685"}],"curies":[{"name":"wp","href":"https:\/\/api.w.org\/{rel}","templated":true}]}}