{"id":1235705,"date":"2021-12-15T21:04:18","date_gmt":"2021-12-16T03:04:18","guid":{"rendered":"https:\/\/www.acapulco.press\/?p=1235705"},"modified":"2021-12-15T21:04:18","modified_gmt":"2021-12-16T03:04:18","slug":"logra-fge-sentencia-condenatoria-de-50-anos-contra-secuestrador-de-acapulco","status":"publish","type":"post","link":"https:\/\/www.acapulcopress.com\/index.php\/2021\/12\/15\/logra-fge-sentencia-condenatoria-de-50-anos-contra-secuestrador-de-acapulco\/","title":{"rendered":"Logra FGE sentencia condenatoria de 50 a\u00f1os contra secuestrador de Acapulco"},"content":{"rendered":"<p style=\"text-align: justify;\">CHILPANCINGO, Gro. * 15 de diciembre de 2021.<br \/>\n<em>) FGE.<br \/>\n<\/em>El Ministerio P\u00fablico en Acapulco logr\u00f3 sentencia condenatoria de 50 a\u00f1os de prisi\u00f3n en contra de Andr\u00e9s Abel \u00abN\u00bb, como probable responsable del delito de Secuestro Agravado.<\/p>\n<p style=\"text-align: justify;\">El delito se acredit\u00f3 por hechos relacionados con la causa penal 159\/2008-1\/6 se\u00f1alando que la v\u00edctima se encontraba en el garaje de su domicilio, en Ciudad Renacimiento, cuando al abrir el port\u00f3n tres personas armadas del sexo masculino se introdujeron y lo privaron de su libertad.<\/p>\n<p style=\"text-align: justify;\">Por lo anterior, el juez dict\u00f3 sentencia definitiva condenatoria en contra de Andr\u00e9s Abel \u00abN\u00bb, siendo condenado a una pena privativa de libertad de 50 a\u00f1os de prisi\u00f3n, y cuatro mil d\u00edas de multa as\u00ed como al pago de la reparaci\u00f3n del da\u00f1o.<\/p>\n","protected":false},"excerpt":{"rendered":"<p>CHILPANCINGO, Gro. * 15 de diciembre de 2021. ) FGE. El Ministerio P\u00fablico en Acapulco logr\u00f3 sentencia condenatoria de 50 a\u00f1os de prisi\u00f3n en contra de Andr\u00e9s Abel \u00abN\u00bb, como probable responsable del delito de Secuestro Agravado. El delito se acredit\u00f3 por hechos relacionados con la causa penal 159\/2008-1\/6 se\u00f1alando que la v\u00edctima se encontraba&#8230;<\/p>\n","protected":false},"author":2,"featured_media":1203771,"comment_status":"closed","ping_status":"closed","sticky":false,"template":"","format":"standard","meta":{"footnotes":""},"categories":[1969,2005],"tags":[],"class_list":["post-1235705","post","type-post","status-publish","format-standard","has-post-thumbnail","hentry","category-trending","category-seguridad-y-justicia"],"_links":{"self":[{"href":"https:\/\/www.acapulcopress.com\/index.php\/wp-json\/wp\/v2\/posts\/1235705","targetHints":{"allow":["GET"]}}],"collection":[{"href":"https:\/\/www.acapulcopress.com\/index.php\/wp-json\/wp\/v2\/posts"}],"about":[{"href":"https:\/\/www.acapulcopress.com\/index.php\/wp-json\/wp\/v2\/types\/post"}],"author":[{"embeddable":true,"href":"https:\/\/www.acapulcopress.com\/index.php\/wp-json\/wp\/v2\/users\/2"}],"replies":[{"embeddable":true,"href":"https:\/\/www.acapulcopress.com\/index.php\/wp-json\/wp\/v2\/comments?post=1235705"}],"version-history":[{"count":0,"href":"https:\/\/www.acapulcopress.com\/index.php\/wp-json\/wp\/v2\/posts\/1235705\/revisions"}],"wp:featuredmedia":[{"embeddable":true,"href":"https:\/\/www.acapulcopress.com\/index.php\/wp-json\/"}],"wp:attachment":[{"href":"https:\/\/www.acapulcopress.com\/index.php\/wp-json\/wp\/v2\/media?parent=1235705"}],"wp:term":[{"taxonomy":"category","embeddable":true,"href":"https:\/\/www.acapulcopress.com\/index.php\/wp-json\/wp\/v2\/categories?post=1235705"},{"taxonomy":"post_tag","embeddable":true,"href":"https:\/\/www.acapulcopress.com\/index.php\/wp-json\/wp\/v2\/tags?post=1235705"}],"curies":[{"name":"wp","href":"https:\/\/api.w.org\/{rel}","templated":true}]}}