{"id":1235713,"date":"2021-12-17T01:48:18","date_gmt":"2021-12-17T07:48:18","guid":{"rendered":"https:\/\/www.acapulco.press\/?p=1235713"},"modified":"2021-12-17T01:48:18","modified_gmt":"2021-12-17T07:48:18","slug":"angel-irra-mario-moreno-honrar-honra","status":"publish","type":"post","link":"https:\/\/www.acapulcopress.com\/index.php\/2021\/12\/17\/angel-irra-mario-moreno-honrar-honra\/","title":{"rendered":"\u00c1ngel Irra | Mario Moreno: \u00abHonrar, honra\u00bb"},"content":{"rendered":"<p style=\"text-align: justify;\">La Columna<br \/>\n\u00bb <strong>\u00c1ngel Irra Carceda<\/strong><br \/>\n) angelirracar@hotmail.com<br \/>\n<em>] Facebook | <a href=\"https:\/\/www.facebook.com\/angel.irracarceda.7\" target=\"_blank\" rel=\"noopener\">angel.irracarceda.7<\/a><\/em><\/p>\n<p style=\"text-align: justify;\">Mientras se define la fecha para el cambio de dirigencia del Partido Revolucionario Institucional (PRI) en Guerrero, se refuerza el pron\u00f3stico de que el ex candidato a la gubernatura, Mario Moreno Arcos, asumir\u00e1 esa responsabilidad.<\/p>\n<p style=\"text-align: justify;\">Luego de la elecci\u00f3n de junio pasado, Mario Moreno ha cuidado escrupulosamente su presencia entre las bases del PRI, y se ha mantenido respetuoso del gobierno de Evelyn Salgado Cecia Salgado Pineda.<\/p>\n<p style=\"text-align: justify;\">Adem\u00e1s de colocarse como el candidato del PRI a la gubernatura que m\u00e1s votos ha logrado, Mario Moreno sigue firme en su posicionamiento partidista y, realmente, no se observa a nadie m\u00e1s para asumir la dirigencia estatal del PRI.<\/p>\n<p style=\"text-align: justify;\">Las redes sociales dan cuenta que mantiene su trabajo partidista en las diferentes regiones del estado. Visita a los liderazgos pero tambi\u00e9n se re\u00fane con las bases.<\/p>\n<p style=\"text-align: justify;\">Si los c\u00e1lculos no fallan, entre enero y febrero Mario Moreno Arcos estar\u00eda tomando la estafeta del PRI en Guerrero.<\/p>\n<p style=\"text-align: justify;\">Los propios grupos de poder del PRI ya han lanzado se\u00f1ales de que as\u00ed ser\u00e1.<\/p>\n<p style=\"text-align: justify;\">Y urge que as\u00ed sea, porque los priistas siguen a la espera no de un dirigente simplemente formal, sino de un l\u00edder que les marque la ruta, desde ya, para mantenerse firmes en el escenario electoral.<\/p>\n<p style=\"text-align: justify;\"><strong>URGE M\u00c1S CUIDADO<\/strong><\/p>\n<p style=\"text-align: justify;\">Si bien se le nota las ganas de realizar un buen trabajo, pareciera que a la gobernadora Evelyn Cecia Salgado Pineda le falta apretar las tuercas a algunos de sus funcionarios.<\/p>\n<p style=\"text-align: justify;\">El error m\u00e1s reciente de uno de sus subordinados, fue el que cometi\u00f3 su secretario de Finanzas, Raymundo Segura Estrada, al insultar al Congreso del Estado.<\/p>\n<p style=\"text-align: justify;\">Lo hizo mediante el desd\u00e9n a los diputados de la Comisi\u00f3n de Hacienda, a quienes dej\u00f3 plantados en una reuni\u00f3n que formalmente hab\u00eda pactado.<\/p>\n<p style=\"text-align: justify;\">Se sabe, en cambio, que puntualmente se ha reunido con los diputados locales de Morena, lo que podr\u00eda generar una p\u00e9sima relaci\u00f3n entre una corriente importante de legisladores con la gobernadora.<\/p>\n<p style=\"text-align: justify;\">No solo hay que cuidar y respetar la divisi\u00f3n de poderes. Es de suma importancia mantener una excelente relaci\u00f3n entre todos.<\/p>\n<p style=\"text-align: justify;\">No se puede contar con el suficiente oficio pol\u00edtico, pero lo que debe imponerse es la prudencia, el sentido com\u00fan, el verdadero anhelo de trabajar por la gobernabilidad en Guerrero, sin distinci\u00f3n alguna.<\/p>\n<p style=\"text-align: justify;\">Honrar honra. El respeto debe ser rec\u00edproco. Y eso incluye tambi\u00e9n el buen trato a todos los sectores sociales. (angelirracar@hotmail.com)<\/p>\n","protected":false},"excerpt":{"rendered":"<p>La Columna \u00bb \u00c1ngel Irra Carceda ) angelirracar@hotmail.com ] Facebook | angel.irracarceda.7 Mientras se define la fecha para el cambio de dirigencia del Partido Revolucionario Institucional (PRI) en Guerrero, se refuerza el pron\u00f3stico de que el ex candidato a la gubernatura, Mario Moreno Arcos, asumir\u00e1 esa responsabilidad. Luego de la elecci\u00f3n de junio pasado, Mario&#8230;<\/p>\n","protected":false},"author":2,"featured_media":1235714,"comment_status":"closed","ping_status":"closed","sticky":false,"template":"","format":"standard","meta":{"footnotes":""},"categories":[2071,1991],"tags":[3938,12685],"class_list":["post-1235713","post","type-post","status-publish","format-standard","has-post-thumbnail","hentry","category-opinion-analisis-columnas","category-libertad-de-expresion","tag-angel-irra-carceda","tag-mario-moreno-arcos"],"_links":{"self":[{"href":"https:\/\/www.acapulcopress.com\/index.php\/wp-json\/wp\/v2\/posts\/1235713","targetHints":{"allow":["GET"]}}],"collection":[{"href":"https:\/\/www.acapulcopress.com\/index.php\/wp-json\/wp\/v2\/posts"}],"about":[{"href":"https:\/\/www.acapulcopress.com\/index.php\/wp-json\/wp\/v2\/types\/post"}],"author":[{"embeddable":true,"href":"https:\/\/www.acapulcopress.com\/index.php\/wp-json\/wp\/v2\/users\/2"}],"replies":[{"embeddable":true,"href":"https:\/\/www.acapulcopress.com\/index.php\/wp-json\/wp\/v2\/comments?post=1235713"}],"version-history":[{"count":0,"href":"https:\/\/www.acapulcopress.com\/index.php\/wp-json\/wp\/v2\/posts\/1235713\/revisions"}],"wp:featuredmedia":[{"embeddable":true,"href":"https:\/\/www.acapulcopress.com\/index.php\/wp-json\/"}],"wp:attachment":[{"href":"https:\/\/www.acapulcopress.com\/index.php\/wp-json\/wp\/v2\/media?parent=1235713"}],"wp:term":[{"taxonomy":"category","embeddable":true,"href":"https:\/\/www.acapulcopress.com\/index.php\/wp-json\/wp\/v2\/categories?post=1235713"},{"taxonomy":"post_tag","embeddable":true,"href":"https:\/\/www.acapulcopress.com\/index.php\/wp-json\/wp\/v2\/tags?post=1235713"}],"curies":[{"name":"wp","href":"https:\/\/api.w.org\/{rel}","templated":true}]}}