{"id":1235720,"date":"2021-12-17T02:04:06","date_gmt":"2021-12-17T08:04:06","guid":{"rendered":"https:\/\/www.acapulco.press\/?p=1235720"},"modified":"2021-12-17T02:04:06","modified_gmt":"2021-12-17T08:04:06","slug":"seg-impulsara-mayor-aprendizaje-en-matematicas","status":"publish","type":"post","link":"https:\/\/www.acapulcopress.com\/index.php\/2021\/12\/17\/seg-impulsara-mayor-aprendizaje-en-matematicas\/","title":{"rendered":"SEG impulsar\u00e1 mayor aprendizaje en Matem\u00e1ticas"},"content":{"rendered":"<p style=\"text-align: justify;\">CHILPANCINGO, Gro. * 16 de diciembre de 2021.<br \/>\n<em>) SEG.<\/em><br \/>\nEl secretario de Educaci\u00f3n en Guerrero, Marcial Rodr\u00edguez Salda\u00f1a, se reuni\u00f3 con un equipo de docentes en Matem\u00e1ticas, encabezados por los profesores Mart\u00edn Rosales Sierra y Marco Antonio Garc\u00eda Ju\u00e1rez, con quienes acord\u00f3 analizar la viabilidad de un proyecto para mejorar sustancialmente el estudio de esta ciencia en educaci\u00f3n b\u00e1sica en la entidad.<\/p>\n<p style=\"text-align: justify;\">Rodr\u00edguez Salda\u00f1a expuso que es indispensable aumentar el conocimiento de las matem\u00e1ticas entre los ni\u00f1os de educaci\u00f3n preescolar, primaria, secundaria y bachillerato, para mejorar los indicadores educativos de calidad en Guerrero.<\/p>\n","protected":false},"excerpt":{"rendered":"<p>CHILPANCINGO, Gro. * 16 de diciembre de 2021. ) SEG. El secretario de Educaci\u00f3n en Guerrero, Marcial Rodr\u00edguez Salda\u00f1a, se reuni\u00f3 con un equipo de docentes en Matem\u00e1ticas, encabezados por los profesores Mart\u00edn Rosales Sierra y Marco Antonio Garc\u00eda Ju\u00e1rez, con quienes acord\u00f3 analizar la viabilidad de un proyecto para mejorar sustancialmente el estudio de&#8230;<\/p>\n","protected":false},"author":2,"featured_media":1235721,"comment_status":"closed","ping_status":"closed","sticky":false,"template":"","format":"standard","meta":{"footnotes":""},"categories":[1969,2081],"tags":[12459,16169,16362],"class_list":["post-1235720","post","type-post","status-publish","format-standard","has-post-thumbnail","hentry","category-trending","category-seg","tag-marcial-rodriguez-salgada","tag-secretaria-de-educacion-guerrero-seg","tag-seg"],"_links":{"self":[{"href":"https:\/\/www.acapulcopress.com\/index.php\/wp-json\/wp\/v2\/posts\/1235720","targetHints":{"allow":["GET"]}}],"collection":[{"href":"https:\/\/www.acapulcopress.com\/index.php\/wp-json\/wp\/v2\/posts"}],"about":[{"href":"https:\/\/www.acapulcopress.com\/index.php\/wp-json\/wp\/v2\/types\/post"}],"author":[{"embeddable":true,"href":"https:\/\/www.acapulcopress.com\/index.php\/wp-json\/wp\/v2\/users\/2"}],"replies":[{"embeddable":true,"href":"https:\/\/www.acapulcopress.com\/index.php\/wp-json\/wp\/v2\/comments?post=1235720"}],"version-history":[{"count":0,"href":"https:\/\/www.acapulcopress.com\/index.php\/wp-json\/wp\/v2\/posts\/1235720\/revisions"}],"wp:featuredmedia":[{"embeddable":true,"href":"https:\/\/www.acapulcopress.com\/index.php\/wp-json\/"}],"wp:attachment":[{"href":"https:\/\/www.acapulcopress.com\/index.php\/wp-json\/wp\/v2\/media?parent=1235720"}],"wp:term":[{"taxonomy":"category","embeddable":true,"href":"https:\/\/www.acapulcopress.com\/index.php\/wp-json\/wp\/v2\/categories?post=1235720"},{"taxonomy":"post_tag","embeddable":true,"href":"https:\/\/www.acapulcopress.com\/index.php\/wp-json\/wp\/v2\/tags?post=1235720"}],"curies":[{"name":"wp","href":"https:\/\/api.w.org\/{rel}","templated":true}]}}