{"id":1235726,"date":"2021-12-17T02:11:15","date_gmt":"2021-12-17T08:11:15","guid":{"rendered":"https:\/\/www.acapulco.press\/?p=1235726"},"modified":"2021-12-17T02:11:15","modified_gmt":"2021-12-17T08:11:15","slug":"titular-de-la-seg-atiende-a-docentes-de-educacion-fisica","status":"publish","type":"post","link":"https:\/\/www.acapulcopress.com\/index.php\/2021\/12\/17\/titular-de-la-seg-atiende-a-docentes-de-educacion-fisica\/","title":{"rendered":"Titular de la SEG atiende a docentes de educaci\u00f3n f\u00edsica"},"content":{"rendered":"<p style=\"text-align: justify;\">CHILPANCINGO, Gro. * 16 de diciembre de 2021.<br \/>\n<em>) SEG.<br \/>\n<\/em>Marcial Rodr\u00edguez Salda\u00f1a. secretario de Educaci\u00f3n en Guerrero, recibi\u00f3 en sus oficinas a una comisi\u00f3n de docentes en educaci\u00f3n f\u00edsica con quienes acord\u00f3 realizar un proyecto para presentarlo a la Federaci\u00f3n, el cual permita resolver sus demandas laborales.<\/p>\n<p style=\"text-align: justify;\">Rodr\u00edguez Salda\u00f1a se\u00f1al\u00f3 que las indicaciones de la Gobernadora Evelyn Salgado Pineda son las de estar atento a las diferentes peticiones de los distintos equipos de docentes que conforman el sector educativo en el Estado.<\/p>\n","protected":false},"excerpt":{"rendered":"<p>CHILPANCINGO, Gro. * 16 de diciembre de 2021. ) SEG. Marcial Rodr\u00edguez Salda\u00f1a. secretario de Educaci\u00f3n en Guerrero, recibi\u00f3 en sus oficinas a una comisi\u00f3n de docentes en educaci\u00f3n f\u00edsica con quienes acord\u00f3 realizar un proyecto para presentarlo a la Federaci\u00f3n, el cual permita resolver sus demandas laborales. Rodr\u00edguez Salda\u00f1a se\u00f1al\u00f3 que las indicaciones de&#8230;<\/p>\n","protected":false},"author":2,"featured_media":1235727,"comment_status":"closed","ping_status":"closed","sticky":false,"template":"","format":"standard","meta":{"footnotes":""},"categories":[1969,2081],"tags":[12459,16169,16362],"class_list":["post-1235726","post","type-post","status-publish","format-standard","has-post-thumbnail","hentry","category-trending","category-seg","tag-marcial-rodriguez-salgada","tag-secretaria-de-educacion-guerrero-seg","tag-seg"],"_links":{"self":[{"href":"https:\/\/www.acapulcopress.com\/index.php\/wp-json\/wp\/v2\/posts\/1235726","targetHints":{"allow":["GET"]}}],"collection":[{"href":"https:\/\/www.acapulcopress.com\/index.php\/wp-json\/wp\/v2\/posts"}],"about":[{"href":"https:\/\/www.acapulcopress.com\/index.php\/wp-json\/wp\/v2\/types\/post"}],"author":[{"embeddable":true,"href":"https:\/\/www.acapulcopress.com\/index.php\/wp-json\/wp\/v2\/users\/2"}],"replies":[{"embeddable":true,"href":"https:\/\/www.acapulcopress.com\/index.php\/wp-json\/wp\/v2\/comments?post=1235726"}],"version-history":[{"count":0,"href":"https:\/\/www.acapulcopress.com\/index.php\/wp-json\/wp\/v2\/posts\/1235726\/revisions"}],"wp:featuredmedia":[{"embeddable":true,"href":"https:\/\/www.acapulcopress.com\/index.php\/wp-json\/"}],"wp:attachment":[{"href":"https:\/\/www.acapulcopress.com\/index.php\/wp-json\/wp\/v2\/media?parent=1235726"}],"wp:term":[{"taxonomy":"category","embeddable":true,"href":"https:\/\/www.acapulcopress.com\/index.php\/wp-json\/wp\/v2\/categories?post=1235726"},{"taxonomy":"post_tag","embeddable":true,"href":"https:\/\/www.acapulcopress.com\/index.php\/wp-json\/wp\/v2\/tags?post=1235726"}],"curies":[{"name":"wp","href":"https:\/\/api.w.org\/{rel}","templated":true}]}}