{"id":1235732,"date":"2021-12-17T02:22:07","date_gmt":"2021-12-17T08:22:07","guid":{"rendered":"https:\/\/www.acapulco.press\/?p=1235732"},"modified":"2021-12-17T02:22:07","modified_gmt":"2021-12-17T08:22:07","slug":"secretario-de-educacion-atiende-a-representantes-de-preparatorias-populares","status":"publish","type":"post","link":"https:\/\/www.acapulcopress.com\/index.php\/2021\/12\/17\/secretario-de-educacion-atiende-a-representantes-de-preparatorias-populares\/","title":{"rendered":"Secretario de Educaci\u00f3n atiende a representantes de preparatorias populares"},"content":{"rendered":"<p style=\"text-align: justify;\">CHILPANCINGO, Gro. * 16 de diciembre de 2021.<br \/>\n<em>) SEG.<\/em><br \/>\nPor indicaciones de la Gobernadora Evelyn Salgado Pineda, el secretario de Educaci\u00f3n en Guerrero, Marcial Rodr\u00edguez Salda\u00f1a, atendi\u00f3 a una comisi\u00f3n de representantes de las preparatorias populares en el Estado, con quienes se comprometi\u00f3 a coadyuvar en la elaboraci\u00f3n de un proyecto acad\u00e9mico y explorar diversas modalidades a efecto de que se les reconozca oficialmente.<\/p>\n<p style=\"text-align: justify;\">Rodr\u00edguez Salda\u00f1a manifest\u00f3 que es indispensable ampliar la cobertura en el nivel medio superior en la entidad, ya que el Estado de Guerrero se encuentra en los \u00faltimos lugares en el contexto nacional.<\/p>\n","protected":false},"excerpt":{"rendered":"<p>CHILPANCINGO, Gro. * 16 de diciembre de 2021. ) SEG. Por indicaciones de la Gobernadora Evelyn Salgado Pineda, el secretario de Educaci\u00f3n en Guerrero, Marcial Rodr\u00edguez Salda\u00f1a, atendi\u00f3 a una comisi\u00f3n de representantes de las preparatorias populares en el Estado, con quienes se comprometi\u00f3 a coadyuvar en la elaboraci\u00f3n de un proyecto acad\u00e9mico y explorar&#8230;<\/p>\n","protected":false},"author":2,"featured_media":1235733,"comment_status":"closed","ping_status":"closed","sticky":false,"template":"","format":"standard","meta":{"footnotes":""},"categories":[1969,2081],"tags":[12459,16169,16362],"class_list":["post-1235732","post","type-post","status-publish","format-standard","has-post-thumbnail","hentry","category-trending","category-seg","tag-marcial-rodriguez-salgada","tag-secretaria-de-educacion-guerrero-seg","tag-seg"],"_links":{"self":[{"href":"https:\/\/www.acapulcopress.com\/index.php\/wp-json\/wp\/v2\/posts\/1235732","targetHints":{"allow":["GET"]}}],"collection":[{"href":"https:\/\/www.acapulcopress.com\/index.php\/wp-json\/wp\/v2\/posts"}],"about":[{"href":"https:\/\/www.acapulcopress.com\/index.php\/wp-json\/wp\/v2\/types\/post"}],"author":[{"embeddable":true,"href":"https:\/\/www.acapulcopress.com\/index.php\/wp-json\/wp\/v2\/users\/2"}],"replies":[{"embeddable":true,"href":"https:\/\/www.acapulcopress.com\/index.php\/wp-json\/wp\/v2\/comments?post=1235732"}],"version-history":[{"count":0,"href":"https:\/\/www.acapulcopress.com\/index.php\/wp-json\/wp\/v2\/posts\/1235732\/revisions"}],"wp:featuredmedia":[{"embeddable":true,"href":"https:\/\/www.acapulcopress.com\/index.php\/wp-json\/"}],"wp:attachment":[{"href":"https:\/\/www.acapulcopress.com\/index.php\/wp-json\/wp\/v2\/media?parent=1235732"}],"wp:term":[{"taxonomy":"category","embeddable":true,"href":"https:\/\/www.acapulcopress.com\/index.php\/wp-json\/wp\/v2\/categories?post=1235732"},{"taxonomy":"post_tag","embeddable":true,"href":"https:\/\/www.acapulcopress.com\/index.php\/wp-json\/wp\/v2\/tags?post=1235732"}],"curies":[{"name":"wp","href":"https:\/\/api.w.org\/{rel}","templated":true}]}}