{"id":1235739,"date":"2021-12-17T17:45:19","date_gmt":"2021-12-17T23:45:19","guid":{"rendered":"https:\/\/www.acapulco.press\/?p=1235739"},"modified":"2021-12-17T17:45:19","modified_gmt":"2021-12-17T23:45:19","slug":"atiende-secretario-de-educacion-demandas-de-la-ceteg","status":"publish","type":"post","link":"https:\/\/www.acapulcopress.com\/index.php\/2021\/12\/17\/atiende-secretario-de-educacion-demandas-de-la-ceteg\/","title":{"rendered":"Atiende secretario de Educaci\u00f3n demandas de la CETEG"},"content":{"rendered":"<p style=\"text-align: justify;\">CHILPANCINGO, Gro. * 17 de diciembre de 2021.<br \/>\n<em>) SEG.<\/em><br \/>\nPor indicaciones de la Gobernadora Evelyn Salgado Pineda, el secretario de Educaci\u00f3n en el Estado, Marcial Rodr\u00edguez Salda\u00f1a, dialog\u00f3 y atendi\u00f3 diversas demandas urgentes de la Coordinadora de Trabajadores de la Educaci\u00f3n en Guerrero (CETEG), que presentaron representantes de las siete regiones de la entidad.<\/p>\n<p style=\"text-align: justify;\">Al final de la reuni\u00f3n se firm\u00f3 una minuta que contiene la respuesta y soluci\u00f3n a cada una de sus demandas.<\/p>\n<p>Participaron en este evento los subsecretarios de Administraci\u00f3n y Finanzas, Alejandro Moreno Lira; de Educaci\u00f3n B\u00e1sica, Ricardo Castillo Pe\u00f1a; de Planeaci\u00f3n, Benjamin Adame Pereira; la secretar\u00eda t\u00e9cnica, Luisa Ayala Mondrag\u00f3n; el titular de Asuntos Jur\u00eddicos y de Transparencia, Roberto Cuevas Bahena; la directora general de Servicios Regionales, Mayt\u00e9 Piza Rodr\u00edguez, y parte de la estructura de la SEG.<\/p>\n","protected":false},"excerpt":{"rendered":"<p>CHILPANCINGO, Gro. * 17 de diciembre de 2021. ) SEG. Por indicaciones de la Gobernadora Evelyn Salgado Pineda, el secretario de Educaci\u00f3n en el Estado, Marcial Rodr\u00edguez Salda\u00f1a, dialog\u00f3 y atendi\u00f3 diversas demandas urgentes de la Coordinadora de Trabajadores de la Educaci\u00f3n en Guerrero (CETEG), que presentaron representantes de las siete regiones de la entidad&#8230;.<\/p>\n","protected":false},"author":2,"featured_media":1235740,"comment_status":"closed","ping_status":"closed","sticky":false,"template":"","format":"standard","meta":{"footnotes":""},"categories":[1969,2081],"tags":[6582,8251,12457],"class_list":["post-1235739","post","type-post","status-publish","format-standard","has-post-thumbnail","hentry","category-trending","category-seg","tag-coordinadora-de-trabajadores-de-la-educacion-en-guerrero-ceteg","tag-evelyn-salgado-pineda","tag-marcial-rodriguez-saldana"],"_links":{"self":[{"href":"https:\/\/www.acapulcopress.com\/index.php\/wp-json\/wp\/v2\/posts\/1235739","targetHints":{"allow":["GET"]}}],"collection":[{"href":"https:\/\/www.acapulcopress.com\/index.php\/wp-json\/wp\/v2\/posts"}],"about":[{"href":"https:\/\/www.acapulcopress.com\/index.php\/wp-json\/wp\/v2\/types\/post"}],"author":[{"embeddable":true,"href":"https:\/\/www.acapulcopress.com\/index.php\/wp-json\/wp\/v2\/users\/2"}],"replies":[{"embeddable":true,"href":"https:\/\/www.acapulcopress.com\/index.php\/wp-json\/wp\/v2\/comments?post=1235739"}],"version-history":[{"count":0,"href":"https:\/\/www.acapulcopress.com\/index.php\/wp-json\/wp\/v2\/posts\/1235739\/revisions"}],"wp:featuredmedia":[{"embeddable":true,"href":"https:\/\/www.acapulcopress.com\/index.php\/wp-json\/"}],"wp:attachment":[{"href":"https:\/\/www.acapulcopress.com\/index.php\/wp-json\/wp\/v2\/media?parent=1235739"}],"wp:term":[{"taxonomy":"category","embeddable":true,"href":"https:\/\/www.acapulcopress.com\/index.php\/wp-json\/wp\/v2\/categories?post=1235739"},{"taxonomy":"post_tag","embeddable":true,"href":"https:\/\/www.acapulcopress.com\/index.php\/wp-json\/wp\/v2\/tags?post=1235739"}],"curies":[{"name":"wp","href":"https:\/\/api.w.org\/{rel}","templated":true}]}}