{"id":1235754,"date":"2021-12-20T19:58:48","date_gmt":"2021-12-21T01:58:48","guid":{"rendered":"https:\/\/www.acapulco.press\/?p=1235754"},"modified":"2021-12-20T19:58:48","modified_gmt":"2021-12-21T01:58:48","slug":"con-pachangon-de-dos-dias-chapitos-se-mofan-de-la-millonaria-recompensa","status":"publish","type":"post","link":"https:\/\/www.acapulcopress.com\/index.php\/2021\/12\/20\/con-pachangon-de-dos-dias-chapitos-se-mofan-de-la-millonaria-recompensa\/","title":{"rendered":"Con pachang\u00f3n de d\u00f3s d\u00edas &#8216;chapitos&#8217; se mofan de la millonaria recompensa"},"content":{"rendered":"<p style=\"text-align: justify;\">CUALIAC\u00c1N. * 20 de diciembre de 2021.<br \/>\n<em>) <a href=\"https:\/\/www.proceso.com.mx\/nacional\/2021\/12\/20\/hijos-de-el-chapo-guzman-organizan-posada-en-nombre-de-su-papa-pese-la-recompensa-de-eu-277794.html\" target=\"_blank\" rel=\"noopener\">Apro<\/a>.<\/em><br \/>\nDos d\u00edas despu\u00e9s de que el gobierno de Estados Unidos ofreciera una recompensa de cinco millones de d\u00f3lares por informaci\u00f3n que lleve a la captura de los hijos del capo Joaqu\u00edn \u201cEl Chapo\u201d Guzm\u00e1n, Ovidio, Iv\u00e1n Archivaldo y Jes\u00fas Alfredo, v\u00e1stagos del narcotraficante, organizaron una presunta posada en la sierra de Sinaloa.<\/p>\n<p style=\"text-align: justify;\"><img loading=\"lazy\" decoding=\"async\" class=\"alignleft size-medium wp-image-1235758\" src=\"https:\/\/www.acapulco.press\/wp-content\/uploads\/2021\/12\/regalos-jgl-375x333.jpeg\" alt=\"\" width=\"375\" height=\"333\" \/>La celebraci\u00f3n comenz\u00f3 el pasado viernes 17 de diciembre a las 19:00 horas en una comunidad rural perteneciente a Culiac\u00e1n, entre las sindicaturas de Costa Rica y El Dorado, confiaron fuentes period\u00edsticas a <em>Proceso.<\/em><\/p>\n<p style=\"text-align: justify;\">Durante la reuni\u00f3n que se prolong\u00f3 al menos hasta el s\u00e1bado en la tarde, se rifaron ocho carros \u00faltimo modelo y centenas de electrodom\u00e9sticos, desde refrigeradores hasta pantallas gigantes de televisi\u00f3n, juguetes, bocinas, bicicletas y todo tipo de enseres, seg\u00fan las fotograf\u00edas a las que Proceso tuvo acceso.<\/p>\n<p style=\"text-align: justify;\">Todos los art\u00edculos estaban rotulados con calcomon\u00edas doradas con las iniciales JGL que corresponden al nombre de Joaqu\u00edn Guzm\u00e1n Loera, \u201cEl Chapo\u201d, seg\u00fan revelan las im\u00e1genes.<\/p>\n<p style=\"text-align: justify;\">En un tuit de la periodista Fanny Mart\u00ednez, se puede observar a los m\u00fasicos y cantantes de las bandas sinaloenses Los Nuevos Rebeldes y Revolver Cannabis actuar en vivo, adem\u00e1s de que se pueden observar cuatro carros que estaban listos para la rifa con un gran mo\u00f1o rojo, decorando las carrocer\u00edas blancas y rojas.<\/p>\n<p style=\"text-align: justify;\"><img loading=\"lazy\" decoding=\"async\" class=\"alignleft size-medium wp-image-1235759\" src=\"https:\/\/www.acapulco.press\/wp-content\/uploads\/2021\/12\/regalos-jgl2-375x360.jpg\" alt=\"\" width=\"375\" height=\"360\" \/>Tambi\u00e9n se pueden observar centenas de cajas con los regalos que fueron entregados a los asistentes, as\u00ed como a unos pocos organizadores. Las videograbaciones y fotograf\u00edas est\u00e1n cuidadas para que no se vean rostros de los beneficiarios y tampoco es posible observar a personas armadas ni mucho menos a alguna autoridad.<\/p>\n<p style=\"text-align: justify;\">Fuentes de inteligencia del gobierno de Sinaloa se\u00f1alaron que la posada de \u201cLos Chapitos\u201d en honor a su padre tiene como fin preservar la base social creada por el exl\u00edder del C\u00e1rtel de Sinaloa mientras estuvo al frente de esa organizaci\u00f3n criminal.<\/p>\n<p style=\"text-align: justify;\">La posada se realiz\u00f3 s\u00f3lo dos d\u00edas despu\u00e9s de que el gobierno de Joe Biden firmara una orden ejecutiva en la que se declara al C\u00e1rtel de Sinaloa y a otros grupos delictivos como una amenaza para la seguridad nacional de ese pa\u00eds, debido al tr\u00e1fico de fentanilo que est\u00e1 matando a miles de j\u00f3venes en territorio estadounidense.<\/p>\n<p style=\"text-align: justify;\">Adem\u00e1s, se anunci\u00f3 una recompensa individual de cinco millones de d\u00f3lares por informaci\u00f3n que sirva para la localizaci\u00f3n y captura de los cuatro hijos de \u201cEl Chapo\u201d Guzm\u00e1n, a quienes se considera como herederos de su imperio criminal: Ovidio Guzm\u00e1n L\u00f3pez, \u201cEl Rat\u00f3n\u201d; Jes\u00fas Alfredo Guzm\u00e1n Salazar, \u201cAlfredillo\u201d; Iv\u00e1n Archivaldo Guzm\u00e1n Salazar, \u201cEl Chapito\u201d, y Joaqu\u00edn Guzm\u00e1n L\u00f3pez, el menos visible de los hermanos.<\/p>\n<p><code><\/code><\/p>\n<blockquote class=\"twitter-tweet\">\n<p dir=\"ltr\" lang=\"es\">REALIZAN \u201cCHAPO POSADA\u201d<br \/>\nLos Chapitos\u201d, hijos de Joaqu\u00edn \u201cEl Chapo\u201d Guzm\u00e1n realizan posada 2021 en <a href=\"https:\/\/twitter.com\/hashtag\/Sinaloa?src=hash&amp;ref_src=twsrc%5Etfw\">#Sinaloa<\/a>. Grupos norte\u00f1os, rifas de autos y regalos con las iniciales de su padre GJL fueron entregados a los asistentes. <a href=\"https:\/\/t.co\/9Ghank6EvG\">pic.twitter.com\/9Ghank6EvG<\/a><\/p>\n<p>\u2014 FANNY (@_fannymartinez) <a href=\"https:\/\/twitter.com\/_fannymartinez\/status\/1472615735977459721?ref_src=twsrc%5Etfw\">December 19, 2021<\/a><\/p><\/blockquote>\n<p><script async src=\"https:\/\/platform.twitter.com\/widgets.js\" charset=\"utf-8\"><\/script><\/p>\n<p><img loading=\"lazy\" decoding=\"async\" class=\"alignnone wp-image-1235757 size-large\" src=\"https:\/\/www.acapulco.press\/wp-content\/uploads\/2021\/12\/ovidio-guzman-1-840x525.jpeg\" alt=\"\" width=\"840\" height=\"525\" \/><br \/>\n<img loading=\"lazy\" decoding=\"async\" class=\"alignnone wp-image-1235756 \" src=\"https:\/\/www.acapulco.press\/wp-content\/uploads\/2021\/12\/los-guzman-1.jpg\" alt=\"\" width=\"839\" height=\"525\" \/><\/p>\n","protected":false},"excerpt":{"rendered":"<p>CUALIAC\u00c1N. * 20 de diciembre de 2021. ) Apro. Dos d\u00edas despu\u00e9s de que el gobierno de Estados Unidos ofreciera una recompensa de cinco millones de d\u00f3lares por informaci\u00f3n que lleve a la captura de los hijos del capo Joaqu\u00edn \u201cEl Chapo\u201d Guzm\u00e1n, Ovidio, Iv\u00e1n Archivaldo y Jes\u00fas Alfredo, v\u00e1stagos del narcotraficante, organizaron una presunta&#8230;<\/p>\n","protected":false},"author":2,"featured_media":1235755,"comment_status":"closed","ping_status":"closed","sticky":false,"template":"","format":"standard","meta":{"footnotes":""},"categories":[1969,1972,1989],"tags":[5304,10494,10711,10802,10808,14104],"class_list":["post-1235754","post","type-post","status-publish","format-standard","has-post-thumbnail","hentry","category-trending","category-special","category-noticias-generales","tag-cartel-de-sinaloa","tag-ivan-archivaldo-guzman-salazar-el-chapito","tag-jesus-alfredo-guzman-salazar-alfredillo","tag-joaquin-archjivaldo-guzman-loera-el-chapo","tag-joaquin-guzman-lopez","tag-ovidio-guzman-lopez-el-raton"],"_links":{"self":[{"href":"https:\/\/www.acapulcopress.com\/index.php\/wp-json\/wp\/v2\/posts\/1235754","targetHints":{"allow":["GET"]}}],"collection":[{"href":"https:\/\/www.acapulcopress.com\/index.php\/wp-json\/wp\/v2\/posts"}],"about":[{"href":"https:\/\/www.acapulcopress.com\/index.php\/wp-json\/wp\/v2\/types\/post"}],"author":[{"embeddable":true,"href":"https:\/\/www.acapulcopress.com\/index.php\/wp-json\/wp\/v2\/users\/2"}],"replies":[{"embeddable":true,"href":"https:\/\/www.acapulcopress.com\/index.php\/wp-json\/wp\/v2\/comments?post=1235754"}],"version-history":[{"count":0,"href":"https:\/\/www.acapulcopress.com\/index.php\/wp-json\/wp\/v2\/posts\/1235754\/revisions"}],"wp:featuredmedia":[{"embeddable":true,"href":"https:\/\/www.acapulcopress.com\/index.php\/wp-json\/"}],"wp:attachment":[{"href":"https:\/\/www.acapulcopress.com\/index.php\/wp-json\/wp\/v2\/media?parent=1235754"}],"wp:term":[{"taxonomy":"category","embeddable":true,"href":"https:\/\/www.acapulcopress.com\/index.php\/wp-json\/wp\/v2\/categories?post=1235754"},{"taxonomy":"post_tag","embeddable":true,"href":"https:\/\/www.acapulcopress.com\/index.php\/wp-json\/wp\/v2\/tags?post=1235754"}],"curies":[{"name":"wp","href":"https:\/\/api.w.org\/{rel}","templated":true}]}}