{"id":1235767,"date":"2021-12-20T20:28:32","date_gmt":"2021-12-21T02:28:32","guid":{"rendered":"https:\/\/www.acapulco.press\/?p=1235767"},"modified":"2021-12-20T20:28:32","modified_gmt":"2021-12-21T02:28:32","slug":"fge-logra-prision-preventiva-contra-secuestrador-de-chilpancingo","status":"publish","type":"post","link":"https:\/\/www.acapulcopress.com\/index.php\/2021\/12\/20\/fge-logra-prision-preventiva-contra-secuestrador-de-chilpancingo\/","title":{"rendered":"FGE logra prisi\u00f3n preventiva contra secuestrador de Chilpancingo"},"content":{"rendered":"<p style=\"text-align: justify;\">CHILPANCINGO. * 20 de diciembre de 2021.<br \/>\n<em>) FGE.<\/em><\/p>\n<p style=\"text-align: justify;\">El Ministerio P\u00fablico en la ciudad capital obtuvo prisi\u00f3n preventiva oficiosa en contra de Carlos David \u00abN\u00bb, como probable responsable del delito de secuestro en la carpeta judicial 476\/2021.<\/p>\n<p style=\"text-align: justify;\">El imputado actu\u00f3 de manera conjunta con otra persona el d\u00eda 4 de noviembre de 2021, cuando interceptaron a la v\u00edctima en el momento que circulaba por una carretera de terracer\u00eda, en el punto conocido como Huamuchito, siendo trasladado a una casa de seguridad en la colonia Zapata.<\/p>\n<p style=\"text-align: justify;\">La v\u00edctima fue despojado de dinero en efectivo y objetos personales, adem\u00e1s permaneci\u00f3 privado de su libertad por varias horas; fue liberado y sus captores le realizaron llamadas posteriores para la entrega de dinero.<\/p>\n<p style=\"text-align: justify;\">Con fecha 17 de diciembre de 2021 se realiz\u00f3 la audiencia inicial, se formul\u00f3 imputaci\u00f3n y se aportaron los datos de prueba, obteniendo del Juez de Control y Enjuiciamiento penal la medida cautelar de prisi\u00f3n preventiva oficiosa, quedando interno en el Centro de Reinserci\u00f3n Social de Chilpancingo.<\/p>\n","protected":false},"excerpt":{"rendered":"<p>CHILPANCINGO. * 20 de diciembre de 2021. ) FGE. El Ministerio P\u00fablico en la ciudad capital obtuvo prisi\u00f3n preventiva oficiosa en contra de Carlos David \u00abN\u00bb, como probable responsable del delito de secuestro en la carpeta judicial 476\/2021. El imputado actu\u00f3 de manera conjunta con otra persona el d\u00eda 4 de noviembre de 2021, cuando&#8230;<\/p>\n","protected":false},"author":2,"featured_media":1235768,"comment_status":"closed","ping_status":"closed","sticky":false,"template":"","format":"standard","meta":{"footnotes":""},"categories":[1969,2005],"tags":[],"class_list":["post-1235767","post","type-post","status-publish","format-standard","has-post-thumbnail","hentry","category-trending","category-seguridad-y-justicia"],"_links":{"self":[{"href":"https:\/\/www.acapulcopress.com\/index.php\/wp-json\/wp\/v2\/posts\/1235767","targetHints":{"allow":["GET"]}}],"collection":[{"href":"https:\/\/www.acapulcopress.com\/index.php\/wp-json\/wp\/v2\/posts"}],"about":[{"href":"https:\/\/www.acapulcopress.com\/index.php\/wp-json\/wp\/v2\/types\/post"}],"author":[{"embeddable":true,"href":"https:\/\/www.acapulcopress.com\/index.php\/wp-json\/wp\/v2\/users\/2"}],"replies":[{"embeddable":true,"href":"https:\/\/www.acapulcopress.com\/index.php\/wp-json\/wp\/v2\/comments?post=1235767"}],"version-history":[{"count":0,"href":"https:\/\/www.acapulcopress.com\/index.php\/wp-json\/wp\/v2\/posts\/1235767\/revisions"}],"wp:featuredmedia":[{"embeddable":true,"href":"https:\/\/www.acapulcopress.com\/index.php\/wp-json\/"}],"wp:attachment":[{"href":"https:\/\/www.acapulcopress.com\/index.php\/wp-json\/wp\/v2\/media?parent=1235767"}],"wp:term":[{"taxonomy":"category","embeddable":true,"href":"https:\/\/www.acapulcopress.com\/index.php\/wp-json\/wp\/v2\/categories?post=1235767"},{"taxonomy":"post_tag","embeddable":true,"href":"https:\/\/www.acapulcopress.com\/index.php\/wp-json\/wp\/v2\/tags?post=1235767"}],"curies":[{"name":"wp","href":"https:\/\/api.w.org\/{rel}","templated":true}]}}