{"id":1235777,"date":"2021-12-21T14:20:35","date_gmt":"2021-12-21T20:20:35","guid":{"rendered":"https:\/\/www.acapulco.press\/?p=1235777"},"modified":"2021-12-21T14:20:35","modified_gmt":"2021-12-21T20:20:35","slug":"superviso-titular-de-seg-terreno-del-ex-ineban-donde-se-proyectan-nuevas-oficinas-educativas","status":"publish","type":"post","link":"https:\/\/www.acapulcopress.com\/index.php\/2021\/12\/21\/superviso-titular-de-seg-terreno-del-ex-ineban-donde-se-proyectan-nuevas-oficinas-educativas\/","title":{"rendered":"Supervis\u00f3 titular de SEG terreno del ex Ineban donde se proyectan nuevas oficinas educativas"},"content":{"rendered":"<div class=\"\" data-block=\"true\" data-editor=\"3tqho\" data-offset-key=\"e880p-0-0\">\n<div class=\"_1mf _1mj\" style=\"text-align: justify;\" data-offset-key=\"e880p-0-0\">ACAPULCO. * 21 de diciembre de 2021.<\/div>\n<\/div>\n<div class=\"\" style=\"text-align: justify;\" data-block=\"true\" data-editor=\"3tqho\" data-offset-key=\"29arj-0-0\">\n<div class=\"_1mf _1mj\" data-offset-key=\"29arj-0-0\"><span data-offset-key=\"29arj-0-0\">) SEG.<\/span><\/div>\n<\/div>\n<div class=\"\" style=\"text-align: justify;\" data-block=\"true\" data-editor=\"3tqho\" data-offset-key=\"cbmtv-0-0\">\n<div class=\"_1mf _1mj\" data-offset-key=\"cbmtv-0-0\"><span data-offset-key=\"cbmtv-0-0\"><img loading=\"lazy\" decoding=\"async\" class=\"alignleft size-medium wp-image-1235778\" src=\"https:\/\/www.acapulco.press\/wp-content\/uploads\/2021\/12\/MARCIAL-INEBAN-375x250.jpg\" alt=\"\" width=\"375\" height=\"250\" \/>El secretario de Educaci\u00f3n en Guerrero, Marcial Rodr\u00edguez Salda\u00f1a, realiz\u00f3 un recorrido por el terreno que ocuparon las instalaciones del ex Instituto de Educaci\u00f3n B\u00e1sica y Normal (Ineban), que es propiedad de las Secretar\u00eda de Educaci\u00f3n en Guerrero (SEG), con el objetivo de que se elabore el proyecto de la construcci\u00f3n de los servicios educativos de nuestra entidad.<\/span><\/div>\n<\/div>\n<div class=\"\" style=\"text-align: justify;\" data-block=\"true\" data-editor=\"3tqho\" data-offset-key=\"cpmop-0-0\">\n<div class=\"_1mf _1mj\" data-offset-key=\"cpmop-0-0\"><span data-offset-key=\"cpmop-0-0\">\u00a0<\/span><\/div>\n<\/div>\n<div class=\"\" style=\"text-align: justify;\" data-block=\"true\" data-editor=\"3tqho\" data-offset-key=\"7fqv9-0-0\">\n<div class=\"_1mf _1mj\" data-offset-key=\"7fqv9-0-0\"><span data-offset-key=\"7fqv9-0-0\">Rodr\u00edguez Salda\u00f1a se\u00f1al\u00f3 que dicho proyecto se le presentar\u00e1 a la gobernadora Evelyn Salgado Pineda para su aprobaci\u00f3n, cuya realizaci\u00f3n tendr\u00e1 que esperar hasque el Congreso del Estado y\/o la Camarada Federal de Diputados aprueben el presupuesto para dicha obra.<\/span><\/div>\n<\/div>\n<div class=\"\" style=\"text-align: justify;\" data-block=\"true\" data-editor=\"3tqho\" data-offset-key=\"cms81-0-0\">\n<div class=\"_1mf _1mj\" data-offset-key=\"cms81-0-0\"><span data-offset-key=\"cms81-0-0\">\u00a0<\/span><\/div>\n<\/div>\n<div class=\"\" data-block=\"true\" data-editor=\"3tqho\" data-offset-key=\"b0anu-0-0\">\n<div class=\"_1mf _1mj\" style=\"text-align: justify;\" data-offset-key=\"b0anu-0-0\"><span data-offset-key=\"b0anu-0-0\"><span data-offset-key=\"b0anu-0-0\">El titular de la SEG manifest\u00f3 que los trabajadores de la educaci\u00f3n merecen instalaciones dignas para desarrollar sus actividades, as\u00ed como los maestros un lugar adecuado para ser atendidos dignamente.<\/p>\n<p><\/span><\/span><div style=\"width: 432px;\" class=\"wp-video\"><video class=\"wp-video-shortcode\" id=\"video-1235777-1\" width=\"432\" height=\"240\" preload=\"metadata\" controls=\"controls\"><source type=\"video\/mp4\" src=\"https:\/\/www.acapulco.press\/wp-content\/uploads\/2021\/12\/marcial-ineban-seg.mp4?_=1\" \/><a href=\"https:\/\/www.acapulco.press\/wp-content\/uploads\/2021\/12\/marcial-ineban-seg.mp4\">https:\/\/www.acapulco.press\/wp-content\/uploads\/2021\/12\/marcial-ineban-seg.mp4<\/a><\/video><\/div><\/p>\n<\/div>\n<\/div>\n","protected":false},"excerpt":{"rendered":"<p>ACAPULCO. * 21 de diciembre de 2021. ) SEG. El secretario de Educaci\u00f3n en Guerrero, Marcial Rodr\u00edguez Salda\u00f1a, realiz\u00f3 un recorrido por el terreno que ocuparon las instalaciones del ex Instituto de Educaci\u00f3n B\u00e1sica y Normal (Ineban), que es propiedad de las Secretar\u00eda de Educaci\u00f3n en Guerrero (SEG), con el objetivo de que se elabore&#8230;<\/p>\n","protected":false},"author":2,"featured_media":1235778,"comment_status":"closed","ping_status":"closed","sticky":false,"template":"","format":"standard","meta":{"footnotes":""},"categories":[1969,1972,2081],"tags":[8251,10211,12457,16166],"class_list":["post-1235777","post","type-post","status-publish","format-standard","has-post-thumbnail","hentry","category-trending","category-special","category-seg","tag-evelyn-salgado-pineda","tag-instituto-de-educacion-basica-y-normal-ineban","tag-marcial-rodriguez-saldana","tag-secretaria-de-educacion-en-guerrero-seg"],"_links":{"self":[{"href":"https:\/\/www.acapulcopress.com\/index.php\/wp-json\/wp\/v2\/posts\/1235777","targetHints":{"allow":["GET"]}}],"collection":[{"href":"https:\/\/www.acapulcopress.com\/index.php\/wp-json\/wp\/v2\/posts"}],"about":[{"href":"https:\/\/www.acapulcopress.com\/index.php\/wp-json\/wp\/v2\/types\/post"}],"author":[{"embeddable":true,"href":"https:\/\/www.acapulcopress.com\/index.php\/wp-json\/wp\/v2\/users\/2"}],"replies":[{"embeddable":true,"href":"https:\/\/www.acapulcopress.com\/index.php\/wp-json\/wp\/v2\/comments?post=1235777"}],"version-history":[{"count":0,"href":"https:\/\/www.acapulcopress.com\/index.php\/wp-json\/wp\/v2\/posts\/1235777\/revisions"}],"wp:featuredmedia":[{"embeddable":true,"href":"https:\/\/www.acapulcopress.com\/index.php\/wp-json\/"}],"wp:attachment":[{"href":"https:\/\/www.acapulcopress.com\/index.php\/wp-json\/wp\/v2\/media?parent=1235777"}],"wp:term":[{"taxonomy":"category","embeddable":true,"href":"https:\/\/www.acapulcopress.com\/index.php\/wp-json\/wp\/v2\/categories?post=1235777"},{"taxonomy":"post_tag","embeddable":true,"href":"https:\/\/www.acapulcopress.com\/index.php\/wp-json\/wp\/v2\/tags?post=1235777"}],"curies":[{"name":"wp","href":"https:\/\/api.w.org\/{rel}","templated":true}]}}