{"id":1235792,"date":"2021-12-21T17:43:11","date_gmt":"2021-12-21T23:43:11","guid":{"rendered":"https:\/\/www.acapulco.press\/?p=1235792"},"modified":"2021-12-21T17:43:11","modified_gmt":"2021-12-21T23:43:11","slug":"se-avecina-otra-tormenta-en-europa-por-omicron-avierte-oms","status":"publish","type":"post","link":"https:\/\/www.acapulcopress.com\/index.php\/2021\/12\/21\/se-avecina-otra-tormenta-en-europa-por-omicron-avierte-oms\/","title":{"rendered":"\u00abSe avecina otra tormenta en Europa\u00bb por \u00f3micron, avierte OMS"},"content":{"rendered":"<p style=\"text-align: justify;\">LONDRES. * 21 de diciembre de 2021.<br \/>\n<em>) Euronews.<\/em><br \/>\n\u00abPodemos ver que se avecina otra tormenta\u00bb. En esos t\u00e9rminos se ha referido el responsable para Europa de la Organizaci\u00f3n Mundial de la Salud, Hans Henri P. Kluge, a la ola de casos de \u00f3micron que est\u00e1 sumergiendo el continente y arruinando una vez m\u00e1s los planes de millones de europeos para Navidad y A\u00f1o Nuevo.<\/p>\n<p style=\"text-align: justify;\">\u00d3micron ya es la variante dominante de la COVID-19 en el Reino Unido, Dinamarca y Portugal. Y seg\u00fan la OMS, esto solo es el principio.<\/p>\n<p style=\"text-align: justify;\">\u00abDentro de unas semanas, \u00f3micron dominar\u00e1 en m\u00e1s pa\u00edses de la regi\u00f3n, con la amenaza de llevar al borde del abismo a unos sistemas sanitarios ya desbordados\u00bb, afirm\u00f3 el doctor Kluge.<\/p>\n<p style=\"text-align: justify;\"><strong>Restricciones y medidas previstas para enero<\/strong><\/p>\n<p style=\"text-align: justify;\">De forma apresurada, en pleno periodo navide\u00f1o, los gobiernos de media Europa vuelven a imponer restricciones.<\/p>\n<p style=\"text-align: justify;\">Portugal ha anunciado el cierre de bares y discotecas desde el d\u00eda de Navidad y por un periodo m\u00ednimo de dos semanas. El teletrabajo ser\u00e1 obligatorio.<\/p>\n<p style=\"text-align: justify;\"><strong>50,000 nuevos casos en Espa\u00f1a<\/strong><\/p>\n<p style=\"text-align: justify;\">Espa\u00f1a alcanz\u00f3 este martes casi 50 000 nuevos casos, la cifra m\u00e1s alta desde el inicio de la pandemia. Catalu\u00f1a quiere volver imponer el toque de queda, aunque antes necesita el aval de la Justicia.<\/p>\n<p style=\"text-align: justify;\">En Francia, el Gobierno acelera la puesta en marcha del pase de vacunaci\u00f3n, que sustituir\u00e1 al pase COVID y solo podr\u00e1n obtener los vacunados. La medida se abordar\u00e1 el pr\u00f3ximo lunes en un consejo de ministros excepcional.<\/p>\n<p style=\"text-align: justify;\">En Alemania, el canciller Olaf Scholz ha acordado, en una reuni\u00f3n con los l\u00edderes regionales, restringir las reuniones a un m\u00e1ximo de diez personas a partir del 28 de diciembre. Tambi\u00e9n se cerrar\u00e1 el ocio nocturno.<\/p>\n<p style=\"text-align: justify;\">En el Reino Unido, pese a la avalancha de casos, con m\u00e1s de 90 000 nuevos contagios por quinto d\u00eda consecutivo, el primer ministro, Boris Johnson, descarta nuevas restricciones en los pr\u00f3ximos d\u00edas.<\/p>\n<p style=\"text-align: justify;\">\u00abHoy no creemos que haya pruebas suficientes para justificar medidas m\u00e1s duras antes de Navidad\u00bb, dijo Johnson.<\/p>\n<p style=\"text-align: justify;\">En Londres, donde la variante \u00f3micron avanza a mayor velocidad, las hospitalizaciones han subido un 41 % desde el pasado viernes.<\/p>\n","protected":false},"excerpt":{"rendered":"<p>LONDRES. * 21 de diciembre de 2021. ) Euronews. \u00abPodemos ver que se avecina otra tormenta\u00bb. En esos t\u00e9rminos se ha referido el responsable para Europa de la Organizaci\u00f3n Mundial de la Salud, Hans Henri P. Kluge, a la ola de casos de \u00f3micron que est\u00e1 sumergiendo el continente y arruinando una vez m\u00e1s los&#8230;<\/p>\n","protected":false},"author":2,"featured_media":1235793,"comment_status":"closed","ping_status":"closed","sticky":false,"template":"","format":"standard","meta":{"footnotes":""},"categories":[1969,2020],"tags":[6701,13951,14033],"class_list":["post-1235792","post","type-post","status-publish","format-standard","has-post-thumbnail","hentry","category-trending","category-world-news","tag-covid-19","tag-omicron","tag-organizacion-mundial-de-la-salud-oms"],"_links":{"self":[{"href":"https:\/\/www.acapulcopress.com\/index.php\/wp-json\/wp\/v2\/posts\/1235792","targetHints":{"allow":["GET"]}}],"collection":[{"href":"https:\/\/www.acapulcopress.com\/index.php\/wp-json\/wp\/v2\/posts"}],"about":[{"href":"https:\/\/www.acapulcopress.com\/index.php\/wp-json\/wp\/v2\/types\/post"}],"author":[{"embeddable":true,"href":"https:\/\/www.acapulcopress.com\/index.php\/wp-json\/wp\/v2\/users\/2"}],"replies":[{"embeddable":true,"href":"https:\/\/www.acapulcopress.com\/index.php\/wp-json\/wp\/v2\/comments?post=1235792"}],"version-history":[{"count":0,"href":"https:\/\/www.acapulcopress.com\/index.php\/wp-json\/wp\/v2\/posts\/1235792\/revisions"}],"wp:featuredmedia":[{"embeddable":true,"href":"https:\/\/www.acapulcopress.com\/index.php\/wp-json\/"}],"wp:attachment":[{"href":"https:\/\/www.acapulcopress.com\/index.php\/wp-json\/wp\/v2\/media?parent=1235792"}],"wp:term":[{"taxonomy":"category","embeddable":true,"href":"https:\/\/www.acapulcopress.com\/index.php\/wp-json\/wp\/v2\/categories?post=1235792"},{"taxonomy":"post_tag","embeddable":true,"href":"https:\/\/www.acapulcopress.com\/index.php\/wp-json\/wp\/v2\/tags?post=1235792"}],"curies":[{"name":"wp","href":"https:\/\/api.w.org\/{rel}","templated":true}]}}