{"id":1235800,"date":"2021-12-21T17:52:50","date_gmt":"2021-12-21T23:52:50","guid":{"rendered":"https:\/\/www.acapulco.press\/?p=1235800"},"modified":"2021-12-21T17:52:50","modified_gmt":"2021-12-21T23:52:50","slug":"tres-dosis-no-frenaran-omicron-biontech","status":"publish","type":"post","link":"https:\/\/www.acapulcopress.com\/index.php\/2021\/12\/21\/tres-dosis-no-frenaran-omicron-biontech\/","title":{"rendered":"Tres dosis no frenar\u00e1n \u00f3micron | BioNTech"},"content":{"rendered":"<p style=\"text-align: justify;\">PARIS. * 21 de diciembre de 2021.<br \/>\n<em>) <a href=\"https:\/\/es.euronews.com\/next\/2021\/12\/21\/tres-dosis-no-seran-suficientes-detener-omicron-advierte-director-biontech-covid\" target=\"_blank\" rel=\"noopener\">Euronews<\/a>.<\/em><br \/>\nRecibir las tres dosis de las vacunas contra la covid-19 no ser\u00e1 suficiente para frenar la variante \u00f3micron, advirti\u00f3 el director general de BioNTech, la empresa alemana que est\u00e1 detr\u00e1s de la vacuna de ARNm producida con Pfizer.<\/p>\n<p style=\"text-align: justify;\">\u00abDebemos ser conscientes de que incluso los &#8216;triple-vacunados&#8217; son susceptibles de transmitir la enfermedad&#8230; Es evidente que estamos lejos del 95% de eficacia que obtuvimos contra la primera versi\u00f3n del virus\u00bb, declar\u00f3 Ugur Sahin al diario franc\u00e9s Le Monde en una entrevista publicada el lunes.<\/p>\n<p style=\"text-align: justify;\">A pesar de ello, Sahin afirm\u00f3 que los primeros datos procedentes de Reino Unido y Sud\u00e1frica nos proporcionan \u00abinformaci\u00f3n tranquilizadora\u00bb.<\/p>\n<p style=\"text-align: justify;\">Las \u00faltimas investigaciones realizadas en Sud\u00e1frica, donde se inform\u00f3 por primera vez de la existencia de \u00f3micron, suger\u00edan que dos dosis de la vacuna de Pfizer\/BioNTech ofrec\u00edan una eficacia del 70 % en la reducci\u00f3n del riesgo de hospitalizaci\u00f3n.<\/p>\n<p style=\"text-align: justify;\">\u00abEs muy probable que se produzca una p\u00e9rdida de eficacia contra \u00f3micron con el tiempo, pero a\u00fan hay que determinar con qu\u00e9 rapidez. No voy a basar las predicciones en datos preliminares de laboratorio, sino en datos de la vida real, que son mucho m\u00e1s apropiados\u00bb, dijo el inmun\u00f3logo alem\u00e1n.<\/p>\n<p style=\"text-align: justify;\">Sahin dijo que las pruebas de detecci\u00f3n del COVID-19 son importantes, especialmente para las personas mayores y durante el invierno, al igual que otras medidas de protecci\u00f3n como el uso de mascarillas, y a\u00f1adi\u00f3: \u00abde lo contrario, no podremos controlar la r\u00e1pida expansi\u00f3n de esta nueva cepa\u00bb.<\/p>\n<p style=\"text-align: justify;\">La empresa alemana ya est\u00e1 dise\u00f1ando una nueva vacuna contra el coronavirus adaptada a la variante, utilizando como ant\u00edgeno la prote\u00edna spike de \u00f3micron y sus 32 mutaciones. Sahin anunci\u00f3 que deber\u00eda estar lista en marzo.<\/p>\n<p style=\"text-align: justify;\"><strong>Una nueva vacuna contra \u00f3micron<\/strong><\/p>\n<p style=\"text-align: justify;\">\u00abSeguimos cumpliendo nuestro objetivo de 100 d\u00edas, lo que significa que deber\u00edamos poder suministrar nuestras primeras vacunas adecuadas a \u00f3micron en marzo, siempre y cuando se obtenga la aprobaci\u00f3n de las autoridades reguladoras\u00bb, afirm\u00f3.<\/p>\n<p style=\"text-align: justify;\">Algunos investigadores han expresado su preocupaci\u00f3n por el efecto de estas nuevas f\u00f3rmulas contra la covid, ya que en lugar de estimular las defensas inmunitarias, se corre el riesgo de reforzar las inadecuadas.<\/p>\n<p style=\"text-align: justify;\">Cuestionado al respecto, Sahin respondi\u00f3 que este planteamiento es una hip\u00f3tesis no demostrada: \u00abNo creo que sea un problema real. El sistema inmunitario tiene una gran adaptabilidad y deber\u00eda ser capaz de activar ambas cosas, reforzando las respuestas inmunitarias existentes y generando al mismo tiempo nuevos anticuerpos.\u00bb<\/p>\n<p style=\"text-align: justify;\">\u00abPero obviamente tendremos que evaluarlo\u00bb, agreg\u00f3.<\/p>\n<p style=\"text-align: justify;\">\u00d3micron reemplazar\u00e1 delta como la variante dominante<\/p>\n<p style=\"text-align: justify;\">La OMS dijo que la variante \u00f3micron se hab\u00eda detectado en 89 pa\u00edses y que se est\u00e1 extendiendo r\u00e1pidamente incluso en lugares con altos niveles de inmunidad de la poblaci\u00f3n.<\/p>\n<p style=\"text-align: justify;\">La agencia de salud de la ONU dijo que la \u00abventaja de crecimiento sustancial\u00bb de \u00f3micron sobre la variante Delta significa que es probable que pronto tome el lugar de Delta como la variante dominante en esos pa\u00edses. Y todav\u00eda no est\u00e1 clara la eficacia de las vacunas contra \u00f3micron.<\/p>\n<p style=\"text-align: justify;\"><strong>Refuerzo de Moderna \u00abparece proteger\u00bb contra Omicron<\/strong><\/p>\n<p>Mientras tanto, Moderna, que tambi\u00e9n ha producido una vacuna de ARNm, dijo el lunes que una dosis de refuerzo de su vacuna parec\u00eda ser eficaz.<\/p>\n<p style=\"text-align: justify;\">Moderna afirm\u00f3 que sus investigaciones han demostrado que una dosis de 50 microgramos de su vacuna, que es la cantidad actual para una inyecci\u00f3n de refuerzo, aumenta el nivel de anticuerpos 37 veces. Asimismo, la empresa estadounidense detall\u00f3 que una dosis completa de 100 microgramos multiplicaba por 83 los niveles de anticuerpos.<\/p>\n<p style=\"text-align: justify;\">El director general de Moderna, St\u00e9phane Bancel, dijo que los datos hasta ahora han sido \u00abtranquilizadores\u00bb en un comunicado de prensa el lunes.<\/p>\n<p style=\"text-align: justify;\">Los datos se obtuvieron de las pruebas de laboratorio de 20 personas que recibieron la vacuna de refuerzo.<\/p>\n","protected":false},"excerpt":{"rendered":"<p>PARIS. * 21 de diciembre de 2021. ) Euronews. Recibir las tres dosis de las vacunas contra la covid-19 no ser\u00e1 suficiente para frenar la variante \u00f3micron, advirti\u00f3 el director general de BioNTech, la empresa alemana que est\u00e1 detr\u00e1s de la vacuna de ARNm producida con Pfizer. \u00abDebemos ser conscientes de que incluso los &#8216;triple-vacunados&#8217;&#8230;<\/p>\n","protected":false},"author":2,"featured_media":1235801,"comment_status":"closed","ping_status":"closed","sticky":false,"template":"","format":"standard","meta":{"footnotes":""},"categories":[1972,1997],"tags":[4148,4754,14547,17494],"class_list":["post-1235800","post","type-post","status-publish","format-standard","has-post-thumbnail","hentry","category-special","category-noticias-destacadas","tag-arnm","tag-biontech","tag-pfizer","tag-ugur-sahin"],"_links":{"self":[{"href":"https:\/\/www.acapulcopress.com\/index.php\/wp-json\/wp\/v2\/posts\/1235800","targetHints":{"allow":["GET"]}}],"collection":[{"href":"https:\/\/www.acapulcopress.com\/index.php\/wp-json\/wp\/v2\/posts"}],"about":[{"href":"https:\/\/www.acapulcopress.com\/index.php\/wp-json\/wp\/v2\/types\/post"}],"author":[{"embeddable":true,"href":"https:\/\/www.acapulcopress.com\/index.php\/wp-json\/wp\/v2\/users\/2"}],"replies":[{"embeddable":true,"href":"https:\/\/www.acapulcopress.com\/index.php\/wp-json\/wp\/v2\/comments?post=1235800"}],"version-history":[{"count":0,"href":"https:\/\/www.acapulcopress.com\/index.php\/wp-json\/wp\/v2\/posts\/1235800\/revisions"}],"wp:featuredmedia":[{"embeddable":true,"href":"https:\/\/www.acapulcopress.com\/index.php\/wp-json\/"}],"wp:attachment":[{"href":"https:\/\/www.acapulcopress.com\/index.php\/wp-json\/wp\/v2\/media?parent=1235800"}],"wp:term":[{"taxonomy":"category","embeddable":true,"href":"https:\/\/www.acapulcopress.com\/index.php\/wp-json\/wp\/v2\/categories?post=1235800"},{"taxonomy":"post_tag","embeddable":true,"href":"https:\/\/www.acapulcopress.com\/index.php\/wp-json\/wp\/v2\/tags?post=1235800"}],"curies":[{"name":"wp","href":"https:\/\/api.w.org\/{rel}","templated":true}]}}