{"id":1235814,"date":"2021-12-21T18:15:01","date_gmt":"2021-12-22T00:15:01","guid":{"rendered":"https:\/\/www.acapulco.press\/?p=1235814"},"modified":"2021-12-21T18:15:01","modified_gmt":"2021-12-22T00:15:01","slug":"no-vacunados-los-mas-afectados-por-contagios-de-covid-19-presidente","status":"publish","type":"post","link":"https:\/\/www.acapulcopress.com\/index.php\/2021\/12\/21\/no-vacunados-los-mas-afectados-por-contagios-de-covid-19-presidente\/","title":{"rendered":"No vacunados, los m\u00e1s afectados por contagios de Covid-19 | Presidente"},"content":{"rendered":"<p style=\"text-align: justify;\">CIUDAD DE M\u00c9XICO. * 21 de diciembre de 2021.<br \/>\n<em>) Gobierno de M\u00e9xico.<\/em><br \/>\nEl presidente Andr\u00e9s Manuel L\u00f3pez Obrador insisti\u00f3 en la importancia de vacunarse contra COVID-19 para prevenir enfermedad grave y el riesgo de hospitalizaci\u00f3n y defunci\u00f3n.<\/p>\n<p style=\"text-align: justify;\">\u201cLa hip\u00f3tesis es que el que est\u00e1 vacunado est\u00e1 protegido y que los que lamentablemente pierden la vida son los que no est\u00e1n vacunados\u201d, coment\u00f3.<\/p>\n<p style=\"text-align: justify;\">El jefe del Ejecutivo explic\u00f3 que ya solicit\u00f3 un informe al grupo de personas expertas que conducen la estrategia de control de la pandemia en M\u00e9xico para conocer cu\u00e1ntas personas no vacunadas fallecieron a causa del virus SARS-CoV-2.<\/p>\n<p style=\"text-align: justify;\">En conferencia de prensa matutina, el mandatario agradeci\u00f3 la donaci\u00f3n de dosis de vacunas por parte del gobierno de Estados Unidos y de farmac\u00e9uticas.<\/p>\n<p style=\"text-align: justify;\">Destac\u00f3 que tales gestos corresponden a \u201cuna actitud de solidaridad que se est\u00e1 reflejando sobre todo en los \u00faltimos tiempos en que se ha se\u00f1alado que falta vacunaci\u00f3n para pa\u00edses pobres. Nosotros seguimos apoyando en Am\u00e9rica Latina, en el Caribe. Se apoy\u00f3 recientemente con vacunas en Ecuador. Se ofrecieron vacunas a Per\u00fa, pero ellos ya tienen sus dosis. Vamos a apoyar con vacunas a Venezuela y as\u00ed a otros pa\u00edses\u201d.<\/p>\n<p style=\"text-align: justify;\">El subsecretario de Prevenci\u00f3n y Promoci\u00f3n de la Salud, Hugo L\u00f3pez-Gatell Ram\u00edrez, report\u00f3 que en M\u00e9xico hay 23 muestras identificadas de la variante de \u00f3micron, de las cuales el 70 por ciento correspondi\u00f3 a personas no vacunadas.<\/p>\n<p style=\"text-align: justify;\">\u201cTienen s\u00edntomas leves, ninguno ha sido hospitalizado por raz\u00f3n de salud. (\u2026) La medida de prevenci\u00f3n fundamental para la epidemia de COVID-19 es vacunarse. (\u2026) La mayor\u00eda de quienes ocupan los hospitales por s\u00edntomas graves de COVID es que no han sido vacunadas. Seguimos insistiendo en que las personas se vacunen si es que les falta el esquema primario y si es que est\u00e1n en el periodo de refuerzo\u201d, subray\u00f3.<\/p>\n<p style=\"text-align: justify;\">Dio a conocer que, del 13 al 19 de diciembre, el martes, mi\u00e9rcoles y jueves, suministraron casi un mill\u00f3n de dosis por d\u00eda y se alcanz\u00f3 un promedio de 642 mil 610 dosis en la semana. Entre estas aplicaciones est\u00e1n incluidas las dosis de refuerzo para personas adultas mayores.<\/p>\n<p style=\"text-align: justify;\">Al 20 de diciembre, refiri\u00f3 el subsecretario, en el pa\u00eds se ha vacunado a 81 millones 926 mil 526 personas, que representan el 88 por ciento de la poblaci\u00f3n mayor de 18 a\u00f1os. Esta cobertura coloca al pa\u00eds en el s\u00e9ptimo lugar del mundo en vacunaci\u00f3n contra COVID-19.<\/p>\n<p style=\"text-align: justify;\">El subsecretario agreg\u00f3 que la epidemia en M\u00e9xico presenta una tendencia de reducci\u00f3n sostenida por varios meses y en todo momento el gobierno federal est\u00e1 pendiente de cualquier cambio que pudiera ocurrir.<\/p>\n","protected":false},"excerpt":{"rendered":"<p>CIUDAD DE M\u00c9XICO. * 21 de diciembre de 2021. ) Gobierno de M\u00e9xico. El presidente Andr\u00e9s Manuel L\u00f3pez Obrador insisti\u00f3 en la importancia de vacunarse contra COVID-19 para prevenir enfermedad grave y el riesgo de hospitalizaci\u00f3n y defunci\u00f3n. \u201cLa hip\u00f3tesis es que el que est\u00e1 vacunado est\u00e1 protegido y que los que lamentablemente pierden la&#8230;<\/p>\n","protected":false},"author":2,"featured_media":1235816,"comment_status":"closed","ping_status":"closed","sticky":false,"template":"","format":"standard","meta":{"footnotes":""},"categories":[18591,18561],"tags":[3896,6701,9310,9942,13951,15189,16069,16901],"class_list":["post-1235814","post","type-post","status-publish","format-standard","has-post-thumbnail","hentry","category-gobierno-de-mexico-sociedy-politics","category-society-politics","tag-andres-manuel-lopez-obrador","tag-covid-19","tag-gobierno-de-mexico","tag-hugo-lopez-gatell-ramirez","tag-omicron","tag-r","tag-sars-cov-2","tag-subsecretaria-de-prevencion-y-promocion-de-la-salud"],"_links":{"self":[{"href":"https:\/\/www.acapulcopress.com\/index.php\/wp-json\/wp\/v2\/posts\/1235814","targetHints":{"allow":["GET"]}}],"collection":[{"href":"https:\/\/www.acapulcopress.com\/index.php\/wp-json\/wp\/v2\/posts"}],"about":[{"href":"https:\/\/www.acapulcopress.com\/index.php\/wp-json\/wp\/v2\/types\/post"}],"author":[{"embeddable":true,"href":"https:\/\/www.acapulcopress.com\/index.php\/wp-json\/wp\/v2\/users\/2"}],"replies":[{"embeddable":true,"href":"https:\/\/www.acapulcopress.com\/index.php\/wp-json\/wp\/v2\/comments?post=1235814"}],"version-history":[{"count":0,"href":"https:\/\/www.acapulcopress.com\/index.php\/wp-json\/wp\/v2\/posts\/1235814\/revisions"}],"wp:featuredmedia":[{"embeddable":true,"href":"https:\/\/www.acapulcopress.com\/index.php\/wp-json\/"}],"wp:attachment":[{"href":"https:\/\/www.acapulcopress.com\/index.php\/wp-json\/wp\/v2\/media?parent=1235814"}],"wp:term":[{"taxonomy":"category","embeddable":true,"href":"https:\/\/www.acapulcopress.com\/index.php\/wp-json\/wp\/v2\/categories?post=1235814"},{"taxonomy":"post_tag","embeddable":true,"href":"https:\/\/www.acapulcopress.com\/index.php\/wp-json\/wp\/v2\/tags?post=1235814"}],"curies":[{"name":"wp","href":"https:\/\/api.w.org\/{rel}","templated":true}]}}