{"id":1235823,"date":"2021-12-21T18:39:46","date_gmt":"2021-12-22T00:39:46","guid":{"rendered":"https:\/\/www.acapulco.press\/?p=1235823"},"modified":"2021-12-21T18:39:46","modified_gmt":"2021-12-22T00:39:46","slug":"bienvenidos-creditos-bancarios-si-son-para-servicios-de-acapulquenos-dip-astudillo","status":"publish","type":"post","link":"https:\/\/www.acapulcopress.com\/index.php\/2021\/12\/21\/bienvenidos-creditos-bancarios-si-son-para-servicios-de-acapulquenos-dip-astudillo\/","title":{"rendered":"Bienvenidos cr\u00e9ditos bancarios si son para servicios de acapulque\u00f1os | Dip. Astudillo"},"content":{"rendered":"<p style=\"text-align: justify;\"><strong><em>* El jueves se cumple el plazo para elegir fiscal general, informa el legislador pri\u00edsta, quien lamenta que a\u00fan se hayan llevado a cabo las comparecencias requeridas, las cuales, de no realizarse antes del jueves, dejar\u00e1n en manos de la gobernadora la responsabilidad de designar ella al nuevo titular de la Fiscal\u00eda General del Estado.<\/em><\/strong><\/p>\n<p style=\"text-align: justify;\">ACAPULCO. * 21 de diciembre de 2021.<br \/>\n<em>) Aps.<br \/>\n<\/em>Para el diputado local Ricardo Astudillo Calvo no hay inconveniente en que la alcaldesa de Acapulco, Abelina L\u00f3pez Rodr\u00edguez, solicite cr\u00e8ditos bancariosa a corto plazo si con ellos se solucionan las demandas m\u00e1s sentidas con respecto a la dotaci\u00f3n de agua potable, saneamiento de la ciudad, alumbrado p\u00fablico y seguridad, entre otros <img loading=\"lazy\" decoding=\"async\" class=\"alignleft size-medium wp-image-1235824\" src=\"https:\/\/www.acapulco.press\/wp-content\/uploads\/2021\/12\/RICARDO-ASTUDILLO-375x500.jpg\" alt=\"\" width=\"375\" height=\"500\" \/>servicios exigidos por los acapulque\u00f1os.<\/p>\n<p style=\"text-align: justify;\">En conferencia de prensa con periodistas del puerto, el diputado pri\u00edsta inform\u00f3, tambi\u00e9n, que el plazo para la elecci\u00f3n del nuevo fiscal de Guerrero vence el pr\u00f3ximo jueves, pero a\u00fan no se han llevado a cabo las comparecencias de los elegidos por el Poder Ejecutivo para integrar la terna que, con base al Art\u00edculo 142 de la Constituci\u00f3n del Estado, concurse para elegir al pr\u00f3ximo Fiscal General. De no cumplirse con este requisito de la Convocatoria y la Constituci\u00f3n local, corresponder\u00e1 a la gobernadora (Evelyn Salgado) asumir la responsabilidad de designar al titular de la Fiscal\u00eda General de Guerrero.<\/p>\n<p style=\"text-align: justify;\">En otras cuestiones, Ricardo Astudillo detall\u00f3 que la fracci\u00f3n del PRI en el Congreso del Estado est\u00e0 cumpliendo con la parte parlamentaria que le corresponde, pero que hace falta qu\u00f3rum de los dem\u00e1s diputados, sobre todo los del partido en el poder, para que los acuerdos se concreticen en menos tiempo.<\/p>\n<p style=\"text-align: justify;\">Inform\u00f3 qu\u00e9 hay varios pendientes que demandan atenci\u00f3n, como la aprobaci\u00f3n de ejercicios fiscales del pr\u00f3ximo a\u00f1o de algunos ayuntamientos y la designaci\u00f3n del Auditor del Estado, pero conf\u00eda que este a\u00f1o pueda quedar todo solucionado respecto a los pendiens legistavos del 2021.<\/p>\n","protected":false},"excerpt":{"rendered":"<p>* El jueves se cumple el plazo para elegir fiscal general, informa el legislador pri\u00edsta, quien lamenta que a\u00fan se hayan llevado a cabo las comparecencias requeridas, las cuales, de no realizarse antes del jueves, dejar\u00e1n en manos de la gobernadora la responsabilidad de designar ella al nuevo titular de la Fiscal\u00eda General del Estado&#8230;.<\/p>\n","protected":false},"author":2,"featured_media":1235825,"comment_status":"closed","ping_status":"closed","sticky":false,"template":"","format":"standard","meta":{"footnotes":""},"categories":[1972,61,18561],"tags":[15571],"class_list":["post-1235823","post","type-post","status-publish","format-standard","has-post-thumbnail","hentry","category-special","category-legislacion","category-society-politics","tag-ricardo-astudillo-calvo"],"_links":{"self":[{"href":"https:\/\/www.acapulcopress.com\/index.php\/wp-json\/wp\/v2\/posts\/1235823","targetHints":{"allow":["GET"]}}],"collection":[{"href":"https:\/\/www.acapulcopress.com\/index.php\/wp-json\/wp\/v2\/posts"}],"about":[{"href":"https:\/\/www.acapulcopress.com\/index.php\/wp-json\/wp\/v2\/types\/post"}],"author":[{"embeddable":true,"href":"https:\/\/www.acapulcopress.com\/index.php\/wp-json\/wp\/v2\/users\/2"}],"replies":[{"embeddable":true,"href":"https:\/\/www.acapulcopress.com\/index.php\/wp-json\/wp\/v2\/comments?post=1235823"}],"version-history":[{"count":0,"href":"https:\/\/www.acapulcopress.com\/index.php\/wp-json\/wp\/v2\/posts\/1235823\/revisions"}],"wp:featuredmedia":[{"embeddable":true,"href":"https:\/\/www.acapulcopress.com\/index.php\/wp-json\/"}],"wp:attachment":[{"href":"https:\/\/www.acapulcopress.com\/index.php\/wp-json\/wp\/v2\/media?parent=1235823"}],"wp:term":[{"taxonomy":"category","embeddable":true,"href":"https:\/\/www.acapulcopress.com\/index.php\/wp-json\/wp\/v2\/categories?post=1235823"},{"taxonomy":"post_tag","embeddable":true,"href":"https:\/\/www.acapulcopress.com\/index.php\/wp-json\/wp\/v2\/tags?post=1235823"}],"curies":[{"name":"wp","href":"https:\/\/api.w.org\/{rel}","templated":true}]}}