{"id":1235869,"date":"2021-12-21T20:54:07","date_gmt":"2021-12-22T02:54:07","guid":{"rendered":"https:\/\/www.acapulco.press\/?p=1235869"},"modified":"2021-12-21T20:54:07","modified_gmt":"2021-12-22T02:54:07","slug":"mexico-y-panama-entre-los-semifinalistas-para-los-oscar","status":"publish","type":"post","link":"https:\/\/www.acapulcopress.com\/index.php\/2021\/12\/21\/mexico-y-panama-entre-los-semifinalistas-para-los-oscar\/","title":{"rendered":"M\u00e9xico y Panam\u00e1, entre los semifinalistas para los \u00d3scar"},"content":{"rendered":"<p style=\"text-align: justify;\">LOS \u00c1NGELES. * 21 de diciembre de 2021.<br \/>\n<em>) <a href=\"https:\/\/www.efe.com\/efe\/espana\/cultura\/mexico-y-panama-entre-los-semifinalistas-para-oscar\/10005-4703447\" target=\"_blank\" rel=\"noopener\">Efe<\/a>.<\/em><br \/>\nLa pel\u00edcula mexicana \u00abNoche de Fuego\u00bb, dirigida por Tatiana Huezo, y la paname\u00f1a \u00abPlaza Catedral\u00bb, de Abner Benaim, fueron seleccionadas este martes por la Academia de Hollywood como semifinalistas para competir por el \u00d3scar a la mejor pel\u00edcula internacional.<\/p>\n<p style=\"text-align: justify;\">De las 92 cintas que se han presentado a competici\u00f3n, la mexicana y la paname\u00f1a est\u00e1n entre las 15 m\u00e1s votadas, que ahora competir\u00e1n por lograr la nominaci\u00f3n definitiva.<\/p>\n","protected":false},"excerpt":{"rendered":"<p>LOS \u00c1NGELES. * 21 de diciembre de 2021. ) Efe. La pel\u00edcula mexicana \u00abNoche de Fuego\u00bb, dirigida por Tatiana Huezo, y la paname\u00f1a \u00abPlaza Catedral\u00bb, de Abner Benaim, fueron seleccionadas este martes por la Academia de Hollywood como semifinalistas para competir por el \u00d3scar a la mejor pel\u00edcula internacional. De las 92 cintas que se&#8230;<\/p>\n","protected":false},"author":2,"featured_media":1235870,"comment_status":"closed","ping_status":"closed","sticky":false,"template":"","format":"standard","meta":{"footnotes":""},"categories":[18563,1988],"tags":[2261,2275,3098,17003],"class_list":["post-1235869","post","type-post","status-publish","format-standard","has-post-thumbnail","hentry","category-entretenimiento","category-lifestyles","tag-noche-de-fuego","tag-plaza-catedral","tag-abner-benaim","tag-tatiana-huezo"],"_links":{"self":[{"href":"https:\/\/www.acapulcopress.com\/index.php\/wp-json\/wp\/v2\/posts\/1235869","targetHints":{"allow":["GET"]}}],"collection":[{"href":"https:\/\/www.acapulcopress.com\/index.php\/wp-json\/wp\/v2\/posts"}],"about":[{"href":"https:\/\/www.acapulcopress.com\/index.php\/wp-json\/wp\/v2\/types\/post"}],"author":[{"embeddable":true,"href":"https:\/\/www.acapulcopress.com\/index.php\/wp-json\/wp\/v2\/users\/2"}],"replies":[{"embeddable":true,"href":"https:\/\/www.acapulcopress.com\/index.php\/wp-json\/wp\/v2\/comments?post=1235869"}],"version-history":[{"count":0,"href":"https:\/\/www.acapulcopress.com\/index.php\/wp-json\/wp\/v2\/posts\/1235869\/revisions"}],"wp:featuredmedia":[{"embeddable":true,"href":"https:\/\/www.acapulcopress.com\/index.php\/wp-json\/"}],"wp:attachment":[{"href":"https:\/\/www.acapulcopress.com\/index.php\/wp-json\/wp\/v2\/media?parent=1235869"}],"wp:term":[{"taxonomy":"category","embeddable":true,"href":"https:\/\/www.acapulcopress.com\/index.php\/wp-json\/wp\/v2\/categories?post=1235869"},{"taxonomy":"post_tag","embeddable":true,"href":"https:\/\/www.acapulcopress.com\/index.php\/wp-json\/wp\/v2\/tags?post=1235869"}],"curies":[{"name":"wp","href":"https:\/\/api.w.org\/{rel}","templated":true}]}}