{"id":1235875,"date":"2021-12-22T18:31:54","date_gmt":"2021-12-23T00:31:54","guid":{"rendered":"https:\/\/www.acapulco.press\/?p=1235875"},"modified":"2021-12-22T18:31:54","modified_gmt":"2021-12-23T00:31:54","slug":"secretario-de-educacion-en-guerrero-tomo-protesta-como-miembro-de-copladeg","status":"publish","type":"post","link":"https:\/\/www.acapulcopress.com\/index.php\/2021\/12\/22\/secretario-de-educacion-en-guerrero-tomo-protesta-como-miembro-de-copladeg\/","title":{"rendered":"Secretario de Educaci\u00f3n en Guerrero tom\u00f3 protesta como miembro de Copladeg"},"content":{"rendered":"<p>CHILPANCINGO, Gro. * 22 de diciembre de 2021.<br \/>\n<em>) SEG.<\/em><\/p>\n<p style=\"text-align: justify;\">La gobernadora Evelyn Salgado Pineda tom\u00f3 protesta a los integrantes del Consejo de Planeaci\u00f3n del Estado de Guerrero (Copladeg), entre ellos al secretario de Educaci\u00f3n, Marcial Rodr\u00edguez Salda\u00f1a.<\/p>\n<p>La jefa del Poder Ejecutivo de la entidad convoc\u00f3 a combatir la corrupci\u00f3n, erradicar la pobreza y atender los rezagos sociales.<\/p>\n<p style=\"text-align: justify;\">Rodr\u00edguez Salda\u00f1a expres\u00f3 que de inmediato se abocar\u00e1 a elaborar el Programa del Sector Educativo, en el cual se establecer\u00e1n el diagn\u00f3stico, las prioridades, estrategias, acciones y metas, las cuales formar\u00e1n parte del Plan Estatal de Desarrollo 2022-2027.<\/p>\n","protected":false},"excerpt":{"rendered":"<p>CHILPANCINGO, Gro. * 22 de diciembre de 2021. ) SEG. La gobernadora Evelyn Salgado Pineda tom\u00f3 protesta a los integrantes del Consejo de Planeaci\u00f3n del Estado de Guerrero (Copladeg), entre ellos al secretario de Educaci\u00f3n, Marcial Rodr\u00edguez Salda\u00f1a. La jefa del Poder Ejecutivo de la entidad convoc\u00f3 a combatir la corrupci\u00f3n, erradicar la pobreza y&#8230;<\/p>\n","protected":false},"author":2,"featured_media":1235876,"comment_status":"closed","ping_status":"closed","sticky":false,"template":"","format":"standard","meta":{"footnotes":""},"categories":[1969,2081],"tags":[6449,8251,12457],"class_list":["post-1235875","post","type-post","status-publish","format-standard","has-post-thumbnail","hentry","category-trending","category-seg","tag-consejo-de-planeacion-del-estado-de-guerrero-copladeg","tag-evelyn-salgado-pineda","tag-marcial-rodriguez-saldana"],"_links":{"self":[{"href":"https:\/\/www.acapulcopress.com\/index.php\/wp-json\/wp\/v2\/posts\/1235875","targetHints":{"allow":["GET"]}}],"collection":[{"href":"https:\/\/www.acapulcopress.com\/index.php\/wp-json\/wp\/v2\/posts"}],"about":[{"href":"https:\/\/www.acapulcopress.com\/index.php\/wp-json\/wp\/v2\/types\/post"}],"author":[{"embeddable":true,"href":"https:\/\/www.acapulcopress.com\/index.php\/wp-json\/wp\/v2\/users\/2"}],"replies":[{"embeddable":true,"href":"https:\/\/www.acapulcopress.com\/index.php\/wp-json\/wp\/v2\/comments?post=1235875"}],"version-history":[{"count":0,"href":"https:\/\/www.acapulcopress.com\/index.php\/wp-json\/wp\/v2\/posts\/1235875\/revisions"}],"wp:featuredmedia":[{"embeddable":true,"href":"https:\/\/www.acapulcopress.com\/index.php\/wp-json\/"}],"wp:attachment":[{"href":"https:\/\/www.acapulcopress.com\/index.php\/wp-json\/wp\/v2\/media?parent=1235875"}],"wp:term":[{"taxonomy":"category","embeddable":true,"href":"https:\/\/www.acapulcopress.com\/index.php\/wp-json\/wp\/v2\/categories?post=1235875"},{"taxonomy":"post_tag","embeddable":true,"href":"https:\/\/www.acapulcopress.com\/index.php\/wp-json\/wp\/v2\/tags?post=1235875"}],"curies":[{"name":"wp","href":"https:\/\/api.w.org\/{rel}","templated":true}]}}