{"id":1235914,"date":"2021-12-28T16:25:26","date_gmt":"2021-12-28T22:25:26","guid":{"rendered":"https:\/\/www.acapulco.press\/?p=1235914"},"modified":"2021-12-28T16:25:26","modified_gmt":"2021-12-28T22:25:26","slug":"titular-de-la-seg-impulsa-participacion-de-sociedad-civil-en-la-educacion","status":"publish","type":"post","link":"https:\/\/www.acapulcopress.com\/index.php\/2021\/12\/28\/titular-de-la-seg-impulsa-participacion-de-sociedad-civil-en-la-educacion\/","title":{"rendered":"Titular de la SEG impulsa participaci\u00f3n de sociedad civil en la educaci\u00f3n"},"content":{"rendered":"<p style=\"text-align: justify;\">ACAPULCO. * 28 de diciembre de 2021.<br \/>\n<em>) SEG.<\/em><br \/>\nEl Secretario de Educaci\u00f3n en Guerrero, Marcial Rodr\u00edguez Salda\u00f1a, se reuni\u00f3 con representantes de la comunidad del Cecyt 37 Acapulco, a quienes invit\u00f3 a participar en la transformaci\u00f3n educativa en Guerrero que impulsa la gobernadora Evelyn Salgado Pineda.<\/p>\n<p style=\"text-align: justify;\">Rodr\u00edguez Salda\u00f1a tuvo un di\u00e1logo muy fruct\u00edfero con egresados de la hist\u00f3rica secundaria Cecyt 37, hoy ETI N\u00fameo 1 de Acapulco, con quienes acord\u00f3 realizar acciones en favor de la educaci\u00f3n en la entidad.<\/p>\n<p><img loading=\"lazy\" decoding=\"async\" class=\"alignnone wp-image-1235915 size-large\" src=\"https:\/\/www.acapulco.press\/wp-content\/uploads\/2021\/12\/SEG-CECYT-137-840x546.jpg\" alt=\"\" width=\"840\" height=\"546\" \/><\/p>\n","protected":false},"excerpt":{"rendered":"<p>ACAPULCO. * 28 de diciembre de 2021. ) SEG. El Secretario de Educaci\u00f3n en Guerrero, Marcial Rodr\u00edguez Salda\u00f1a, se reuni\u00f3 con representantes de la comunidad del Cecyt 37 Acapulco, a quienes invit\u00f3 a participar en la transformaci\u00f3n educativa en Guerrero que impulsa la gobernadora Evelyn Salgado Pineda. Rodr\u00edguez Salda\u00f1a tuvo un di\u00e1logo muy fruct\u00edfero con&#8230;<\/p>\n","protected":false},"author":2,"featured_media":1235915,"comment_status":"closed","ping_status":"closed","sticky":false,"template":"","format":"standard","meta":{"footnotes":""},"categories":[1969,2081],"tags":[8251,12459,16169,16362],"class_list":["post-1235914","post","type-post","status-publish","format-standard","has-post-thumbnail","hentry","category-trending","category-seg","tag-evelyn-salgado-pineda","tag-marcial-rodriguez-salgada","tag-secretaria-de-educacion-guerrero-seg","tag-seg"],"_links":{"self":[{"href":"https:\/\/www.acapulcopress.com\/index.php\/wp-json\/wp\/v2\/posts\/1235914","targetHints":{"allow":["GET"]}}],"collection":[{"href":"https:\/\/www.acapulcopress.com\/index.php\/wp-json\/wp\/v2\/posts"}],"about":[{"href":"https:\/\/www.acapulcopress.com\/index.php\/wp-json\/wp\/v2\/types\/post"}],"author":[{"embeddable":true,"href":"https:\/\/www.acapulcopress.com\/index.php\/wp-json\/wp\/v2\/users\/2"}],"replies":[{"embeddable":true,"href":"https:\/\/www.acapulcopress.com\/index.php\/wp-json\/wp\/v2\/comments?post=1235914"}],"version-history":[{"count":0,"href":"https:\/\/www.acapulcopress.com\/index.php\/wp-json\/wp\/v2\/posts\/1235914\/revisions"}],"wp:featuredmedia":[{"embeddable":true,"href":"https:\/\/www.acapulcopress.com\/index.php\/wp-json\/"}],"wp:attachment":[{"href":"https:\/\/www.acapulcopress.com\/index.php\/wp-json\/wp\/v2\/media?parent=1235914"}],"wp:term":[{"taxonomy":"category","embeddable":true,"href":"https:\/\/www.acapulcopress.com\/index.php\/wp-json\/wp\/v2\/categories?post=1235914"},{"taxonomy":"post_tag","embeddable":true,"href":"https:\/\/www.acapulcopress.com\/index.php\/wp-json\/wp\/v2\/tags?post=1235914"}],"curies":[{"name":"wp","href":"https:\/\/api.w.org\/{rel}","templated":true}]}}