{"id":1235922,"date":"2021-12-28T17:57:50","date_gmt":"2021-12-28T23:57:50","guid":{"rendered":"https:\/\/www.acapulco.press\/?p=1235922"},"modified":"2021-12-28T17:57:50","modified_gmt":"2021-12-28T23:57:50","slug":"fiscalia-lograr-vincular-a-proceso-a-dos-homicidas-de-ometepec","status":"publish","type":"post","link":"https:\/\/www.acapulcopress.com\/index.php\/2021\/12\/28\/fiscalia-lograr-vincular-a-proceso-a-dos-homicidas-de-ometepec\/","title":{"rendered":"Fiscal\u00eda lograr vincular a proceso a dos homicidas de Ometepec"},"content":{"rendered":"<p style=\"text-align: justify;\">CHILPANCINGO, Gro. * 28 de diciembre de 2021.<br \/>\n<em>) FGE.<\/em><br \/>\nEl Ministerio P\u00fablico en Ometepec obtuvo vinculaci\u00f3n a proceso en contra de Jos\u00e9 Alberto \u00abN\u00bb y Fernando \u00abN\u00bb, como probables responsables del delito de homicidio calificado en agravio Isa\u00edas \u00abN\u00bb.<\/p>\n<p style=\"text-align: justify;\">Los imputados son acusados de privar de la vida a la v\u00edctima cuando al salir de su domicilio en compa\u00f1\u00eda de un familiar y caminar por la calle Juan O&#8217;Donoj\u00fa, de Ometepec, llegaron dos personas del sexo masculino abordo de una motocicleta, uno de ellos le dispar\u00f3 con arma de fuego en repetidas ocasiones hasta privarlo de la vida.<\/p>\n<p style=\"text-align: justify;\">Con fecha 28 de diciembre de 2021 se realiz\u00f3 la audiencia inicial, aportando el Ministerio P\u00fablico los datos de prueba obteniendo del Juez de Control vinculaci\u00f3n a proceso en contra de Jos\u00e9 Alberto \u00abN\u00bb y Fernando \u00abN\u00bb por el delito en menci\u00f3n, concedi\u00e9ndo cuatro meses de investigaci\u00f3n complementaria, quedando vigente la prisi\u00f3n preventiva oficiosa.<\/p>\n","protected":false},"excerpt":{"rendered":"<p>CHILPANCINGO, Gro. * 28 de diciembre de 2021. ) FGE. El Ministerio P\u00fablico en Ometepec obtuvo vinculaci\u00f3n a proceso en contra de Jos\u00e9 Alberto \u00abN\u00bb y Fernando \u00abN\u00bb, como probables responsables del delito de homicidio calificado en agravio Isa\u00edas \u00abN\u00bb. Los imputados son acusados de privar de la vida a la v\u00edctima cuando al salir&#8230;<\/p>\n","protected":false},"author":2,"featured_media":1235923,"comment_status":"closed","ping_status":"closed","sticky":false,"template":"","format":"standard","meta":{"footnotes":""},"categories":[2019],"tags":[],"class_list":["post-1235922","post","type-post","status-publish","format-standard","has-post-thumbnail","hentry","category-popular-news"],"_links":{"self":[{"href":"https:\/\/www.acapulcopress.com\/index.php\/wp-json\/wp\/v2\/posts\/1235922","targetHints":{"allow":["GET"]}}],"collection":[{"href":"https:\/\/www.acapulcopress.com\/index.php\/wp-json\/wp\/v2\/posts"}],"about":[{"href":"https:\/\/www.acapulcopress.com\/index.php\/wp-json\/wp\/v2\/types\/post"}],"author":[{"embeddable":true,"href":"https:\/\/www.acapulcopress.com\/index.php\/wp-json\/wp\/v2\/users\/2"}],"replies":[{"embeddable":true,"href":"https:\/\/www.acapulcopress.com\/index.php\/wp-json\/wp\/v2\/comments?post=1235922"}],"version-history":[{"count":0,"href":"https:\/\/www.acapulcopress.com\/index.php\/wp-json\/wp\/v2\/posts\/1235922\/revisions"}],"wp:featuredmedia":[{"embeddable":true,"href":"https:\/\/www.acapulcopress.com\/index.php\/wp-json\/"}],"wp:attachment":[{"href":"https:\/\/www.acapulcopress.com\/index.php\/wp-json\/wp\/v2\/media?parent=1235922"}],"wp:term":[{"taxonomy":"category","embeddable":true,"href":"https:\/\/www.acapulcopress.com\/index.php\/wp-json\/wp\/v2\/categories?post=1235922"},{"taxonomy":"post_tag","embeddable":true,"href":"https:\/\/www.acapulcopress.com\/index.php\/wp-json\/wp\/v2\/tags?post=1235922"}],"curies":[{"name":"wp","href":"https:\/\/api.w.org\/{rel}","templated":true}]}}