{"id":1235928,"date":"2021-12-29T21:30:25","date_gmt":"2021-12-30T03:30:25","guid":{"rendered":"https:\/\/www.acapulco.press\/?p=1235928"},"modified":"2021-12-29T21:30:25","modified_gmt":"2021-12-30T03:30:25","slug":"imprecisiones-de-gatell-ante-variante-omicron-ha-causado-muchos-contagios-anorve","status":"publish","type":"post","link":"https:\/\/www.acapulcopress.com\/index.php\/2021\/12\/29\/imprecisiones-de-gatell-ante-variante-omicron-ha-causado-muchos-contagios-anorve\/","title":{"rendered":"Imprecisiones de Gatell ante variante \u00d3micron ha causado muchos contagios | A\u00f1orve"},"content":{"rendered":"<p style=\"text-align: justify;\">ACAPULCO, Gro. * 29 de diciembre de 2021.<br \/>\n<em>) Especial.<br \/>\n<\/em> Senador de la Rep\u00fablica Manuel A\u00f1orve Ba\u00f1os asegur\u00f3 que las imprecisiones y el mal manejo de la pandemia en M\u00e9xico por parte del subsecretario de Salud, Hugo L\u00f3pez-Gatell, han causado miles de contagios por Covid-19 con la variante \u00d3micron, por ello insisti\u00f3 en que ya es tiempo de que renuncie a su cargo, ya que desde el inicio de la pandemia no ha podido con dicha responsabilidad.<\/p>\n<p style=\"text-align: justify;\">A\u00f1orve Ba\u00f1os dijo, que L\u00f3pez-Gatell no puede hacer declaraciones, como si la variante \u00d3micron solo estuviera afectando la salud de las personas en otros pa\u00edses y no en M\u00e9xico.<\/p>\n<p style=\"text-align: justify;\">Adem\u00e1s, asegur\u00f3 que el funcionario de Salud Federal, nuevamente est\u00e1 ocultando las cifras reales de los contagios por esta nueva variante, y dijo que no se registran todos los casos debido a que no est\u00e1n haciendo las pruebas universales para detectar el virus.<\/p>\n<p style=\"text-align: justify;\">El Senador A\u00f1orve, explic\u00f3 que es importante apostarle a la generaci\u00f3n de empleos, pero que es m\u00e1s importante cuidar la salud de los guerrerenses sin caer en temas como el confinamiento, pero hizo un llamado a la ciudadan\u00eda y empresarios a no bajar la guardia con las medidas preventivas, a fin de evitar la propagaci\u00f3n de la Covid-19.<\/p>\n<p style=\"text-align: justify;\">Finalmente, coment\u00f3 que es importante que la ciudadan\u00eda haga su parte, ya que L\u00f3pez-Gatell ha dado malos resultados y s\u00f3lo oculta la gravedad del problema de salud.<\/p>\n","protected":false},"excerpt":{"rendered":"<p>ACAPULCO, Gro. * 29 de diciembre de 2021. ) Especial. Senador de la Rep\u00fablica Manuel A\u00f1orve Ba\u00f1os asegur\u00f3 que las imprecisiones y el mal manejo de la pandemia en M\u00e9xico por parte del subsecretario de Salud, Hugo L\u00f3pez-Gatell, han causado miles de contagios por Covid-19 con la variante \u00d3micron, por ello insisti\u00f3 en que ya&#8230;<\/p>\n","protected":false},"author":2,"featured_media":1235929,"comment_status":"closed","ping_status":"closed","sticky":false,"template":"","format":"standard","meta":{"footnotes":""},"categories":[61,18561],"tags":[9941,12366,13951],"class_list":["post-1235928","post","type-post","status-publish","format-standard","has-post-thumbnail","hentry","category-legislacion","category-society-politics","tag-hugo-lopez-gatell","tag-manuel-anorve-banos","tag-omicron"],"_links":{"self":[{"href":"https:\/\/www.acapulcopress.com\/index.php\/wp-json\/wp\/v2\/posts\/1235928","targetHints":{"allow":["GET"]}}],"collection":[{"href":"https:\/\/www.acapulcopress.com\/index.php\/wp-json\/wp\/v2\/posts"}],"about":[{"href":"https:\/\/www.acapulcopress.com\/index.php\/wp-json\/wp\/v2\/types\/post"}],"author":[{"embeddable":true,"href":"https:\/\/www.acapulcopress.com\/index.php\/wp-json\/wp\/v2\/users\/2"}],"replies":[{"embeddable":true,"href":"https:\/\/www.acapulcopress.com\/index.php\/wp-json\/wp\/v2\/comments?post=1235928"}],"version-history":[{"count":0,"href":"https:\/\/www.acapulcopress.com\/index.php\/wp-json\/wp\/v2\/posts\/1235928\/revisions"}],"wp:featuredmedia":[{"embeddable":true,"href":"https:\/\/www.acapulcopress.com\/index.php\/wp-json\/"}],"wp:attachment":[{"href":"https:\/\/www.acapulcopress.com\/index.php\/wp-json\/wp\/v2\/media?parent=1235928"}],"wp:term":[{"taxonomy":"category","embeddable":true,"href":"https:\/\/www.acapulcopress.com\/index.php\/wp-json\/wp\/v2\/categories?post=1235928"},{"taxonomy":"post_tag","embeddable":true,"href":"https:\/\/www.acapulcopress.com\/index.php\/wp-json\/wp\/v2\/tags?post=1235928"}],"curies":[{"name":"wp","href":"https:\/\/api.w.org\/{rel}","templated":true}]}}