{"id":1249764,"date":"2023-01-05T17:58:24","date_gmt":"2023-01-05T23:58:24","guid":{"rendered":"https:\/\/www.acapulcopress.com\/?p=1249764"},"modified":"2023-01-05T17:58:24","modified_gmt":"2023-01-05T23:58:24","slug":"continuan-talleres-de-formacion-docente-informa-titular-de-la-seg","status":"publish","type":"post","link":"https:\/\/www.acapulcopress.com\/index.php\/2023\/01\/05\/continuan-talleres-de-formacion-docente-informa-titular-de-la-seg\/","title":{"rendered":"Contin\u00faan talleres de formaci\u00f3n docente, informa titular de la SEG"},"content":{"rendered":"<p style=\"text-align: justify;\">CHILPANCINGO * 5 de enero de 2022.<br \/>\n<em>) SEG<br \/>\n<\/em>El secretario de Educaci\u00f3n en Guerrero, Marcial Rodr\u00edguez Salda\u00f1a, inform\u00f3 que hoy les <img loading=\"lazy\" decoding=\"async\" class=\"alignleft size-medium wp-image-1249766\" src=\"https:\/\/www.acapulcopress.com\/wp-content\/uploads\/2023\/01\/seg.mrs2_-375x193.jpg\" alt=\"\" width=\"375\" height=\"193\" \/>toc\u00f3 a todos los directores de Educaci\u00f3n B\u00e1sica participar en los talleres de formaci\u00f3n docente que se desarrollaron en las 8 regiones del Estado.<\/p>\n<p style=\"text-align: justify;\">El responsable de la educaci\u00f3n en Guerrero, sostuvo que la gobernadora Evelyn Salgado Pineda, promueve la formaci\u00f3n de docentes como parte de la transformaci\u00f3n educativa en la entidad.<\/p>\n<p style=\"text-align: justify;\">Rodr\u00edguez Salda\u00f1a, expres\u00f3 que estos talleres se impartir\u00e1n a las maestras y maestros en todas las escuelas el 6, 9 y 13 de enero, a afecto de preparar el nuevo Plan, Programas de Estudio y Libros de Texto Gratuito en Educaci\u00f3n B\u00e1sica, que se implementar\u00e1n en el siguiente ciclo escolar\u00a02023-2024.<\/p>\n","protected":false},"excerpt":{"rendered":"<p>CHILPANCINGO * 5 de enero de 2022. ) SEG El secretario de Educaci\u00f3n en Guerrero, Marcial Rodr\u00edguez Salda\u00f1a, inform\u00f3 que hoy les toc\u00f3 a todos los directores de Educaci\u00f3n B\u00e1sica participar en los talleres de formaci\u00f3n docente que se desarrollaron en las 8 regiones del Estado. El responsable de la educaci\u00f3n en Guerrero, sostuvo que&#8230;<\/p>\n","protected":false},"author":2,"featured_media":1249765,"comment_status":"closed","ping_status":"closed","sticky":false,"template":"","format":"standard","meta":{"footnotes":""},"categories":[18561,2016],"tags":[12457,16362],"class_list":["post-1249764","post","type-post","status-publish","format-standard","has-post-thumbnail","hentry","category-society-politics","category-uagro-society-politics","tag-marcial-rodriguez-saldana","tag-seg"],"_links":{"self":[{"href":"https:\/\/www.acapulcopress.com\/index.php\/wp-json\/wp\/v2\/posts\/1249764","targetHints":{"allow":["GET"]}}],"collection":[{"href":"https:\/\/www.acapulcopress.com\/index.php\/wp-json\/wp\/v2\/posts"}],"about":[{"href":"https:\/\/www.acapulcopress.com\/index.php\/wp-json\/wp\/v2\/types\/post"}],"author":[{"embeddable":true,"href":"https:\/\/www.acapulcopress.com\/index.php\/wp-json\/wp\/v2\/users\/2"}],"replies":[{"embeddable":true,"href":"https:\/\/www.acapulcopress.com\/index.php\/wp-json\/wp\/v2\/comments?post=1249764"}],"version-history":[{"count":0,"href":"https:\/\/www.acapulcopress.com\/index.php\/wp-json\/wp\/v2\/posts\/1249764\/revisions"}],"wp:featuredmedia":[{"embeddable":true,"href":"https:\/\/www.acapulcopress.com\/index.php\/wp-json\/"}],"wp:attachment":[{"href":"https:\/\/www.acapulcopress.com\/index.php\/wp-json\/wp\/v2\/media?parent=1249764"}],"wp:term":[{"taxonomy":"category","embeddable":true,"href":"https:\/\/www.acapulcopress.com\/index.php\/wp-json\/wp\/v2\/categories?post=1249764"},{"taxonomy":"post_tag","embeddable":true,"href":"https:\/\/www.acapulcopress.com\/index.php\/wp-json\/wp\/v2\/tags?post=1249764"}],"curies":[{"name":"wp","href":"https:\/\/api.w.org\/{rel}","templated":true}]}}