{"id":1249776,"date":"2023-01-09T18:07:58","date_gmt":"2023-01-10T00:07:58","guid":{"rendered":"https:\/\/www.acapulcopress.com\/?p=1249776"},"modified":"2023-01-09T18:07:58","modified_gmt":"2023-01-10T00:07:58","slug":"pan-denuncia-a-esclaudia-por-homicidio-culposo","status":"publish","type":"post","link":"https:\/\/www.acapulcopress.com\/index.php\/2023\/01\/09\/pan-denuncia-a-esclaudia-por-homicidio-culposo\/","title":{"rendered":"PAN denuncia a #EsClaudia por \u00abhomicidio culposo\u00bb"},"content":{"rendered":"<p style=\"text-align: justify;\">CIUDAD DE M\u00c9XICO * 9 de enero de 2022.<br \/>\n<em>) <a href=\"https:\/\/www.proceso.com.mx\/nacional\/2023\/1\/9\/pan-denuncia-sheinbaum-por-homicidio-culposo-de-yaretzi-hernandez-en-choque-de-linea-del-metro-299982.html\" target=\"_blank\" rel=\"noopener\">Apro<\/a><br \/>\n<\/em>La dirigencia del PAN en la Ciudad de M\u00e9xico present\u00f3 una denuncia contra la jefa de gobierno, Claudia Sheinbaum por el probable delito de \u00abhomicidio culposo\u00bb de Yaretzi Hern\u00e1ndez, la joven que falleci\u00f3 el s\u00e1bado durante el choque de trenes en la L\u00ednea 3 del Metro.<\/p>\n<p style=\"text-align: justify;\">Adem\u00e1s de la mandataria local, la denuncia fue presentada contra Guillermo Calder\u00f3n, director General de Sistema de Transporte Colectivo (STC) Metro por los cargos de lesiones culposas y abandono del servicio p\u00fablico.<\/p>\n<p style=\"text-align: justify;\">Andr\u00e9s Atayde, presidente del PAN en la CDMX, afirm\u00f3 que el \u00faltimo accidente de la L\u00ednea 3 del Metro no es un hecho aislado, es un patr\u00f3n que obedece a la falta de recursos para mantenimiento de este sistema de transporte.<\/p>\n<p style=\"text-align: justify;\"><img loading=\"lazy\" decoding=\"async\" class=\"alignleft size-medium wp-image-1249777\" src=\"https:\/\/www.acapulcopress.com\/wp-content\/uploads\/2023\/01\/PANCDMX-375x250.jpeg\" alt=\"\" width=\"375\" height=\"250\" \/>\u201cSin rodeos, esto es un patr\u00f3n, no un hecho aislado, es responsabilidad toda del Gobierno de la Ciudad de M\u00e9xico, de la jefa de gobierno, del Secretario de Movilidad, de la anterior Titular y el actual Titular del Metro\u201d, afirm\u00f3 en una conferencia de prensa que ofreci\u00f3 al presentar la denuncia.<\/p>\n<p style=\"text-align: justify;\">El dirigente panista afirm\u00f3 que las v\u00edctimas merecen respuestas por lo que \u201cno queremos que esta tragedia tenga el mismo destino que sufrieron las tragedias de la L\u00ednea 1, del Centro de Control y de la L\u00ednea 12: impunidad y olvido y exigimos de la Fiscal\u00eda que no sea tapadera de nadie de Morena.<\/p>\n<p style=\"text-align: justify;\">Adem\u00e1s, la diputada Mariana G\u00f3mez del Campo, record\u00f3 que apenas la semana pasada los legisladores panistas presentaron, a trav\u00e9s de la Comisi\u00f3n Permanente, un punto de acuerdo exigiendo mantenimiento para el Metro: \u201cpara que vean que no es politiquer\u00eda, siempre estamos al pendiente de lo que ocurre en la Ciudad, con este Sistema de Transporte Colectivo m\u00e1s porque es el m\u00e1s relevante\u2019\u2019.<\/p>\n<p style=\"text-align: justify;\">Anunci\u00f3 que el pr\u00f3ximo mi\u00e9rcoles, el PAN a trav\u00e9s de la Comisi\u00f3n Permanente exigir\u00e1 se debata este tema. \u201cVamos a exigir que se hable de lo ocurrido, de la tragedia, de la falta de mantenimiento, que se comprometan los diputados a recursos espec\u00edficos para el pr\u00f3ximo a\u00f1o para el Metro y este mismo a\u00f1o se puede reasignar tambi\u00e9n. Hay que exigirlo y vamos a estar ah\u00ed levantando la voz las veces que sea necesario\u2019\u2019. ]<\/p>\n<p>POLITIQUER\u00cdA, LLAMA CLAUDIA A DENUNCIA<\/p>\n<p>Luego de que la dirigencia del PAN en la Ciudad de M\u00e9xico present\u00f3 una denuncia contra la jefa de gobierno, Claudia Sheinbaum por el probable delito de \u00abhomicidio culposo\u00bb de Yaretzi Hern\u00e1ndez, la joven que falleci\u00f3 en el choque de trenes en la L\u00ednea 3 del Metro, la mandataria asegur\u00f3 que se trata de \u00abpolitiquer\u00eda\u00bb y que es una \u00abfalta de escr\u00fapulos politizar una situaci\u00f3n como esta\u00bb.<\/p>\n<p style=\"text-align: justify;\">Al ser cuestionada por el recurso legal que los panistas interpusieron ante la Fiscal\u00eda General de Justicia de la Ciudad de M\u00e9xico (FGJCDMX), Sheinbaum dijo que a \u00abellos no les importa la gente\u00bb.<\/p>\n<p style=\"text-align: justify;\">\u00abHabla de ellos, qui\u00e9nes son; a ellos no les importa la gente, lo que les importa pues es la politiquer\u00eda que se realiza alrededor de eso. Y nosotros no, nosotros estamos dedicados al servicio p\u00fablico, servidor p\u00fablico quiere decir servir al pueblo y a eso estamos dedicados\u00bb, asegur\u00f3 la funcionaria.<\/p>\n<p style=\"text-align: justify;\">Este lunes la c\u00fapula panista present\u00f3 una demanda contra la mandataria y contra Guillermo Calder\u00f3n, director General de Sistema de Transporte Colectivo (STC) Metro por los cargos de lesiones culposas y abandono del servicio p\u00fablico.<\/p>\n<p style=\"text-align: justify;\"><em>) S\u00edguenos en Facebook | @<a href=\"https:\/\/www.facebook.com\/acapulcopress.news\" target=\"_blank\" rel=\"noopener\">AcapulcoPress<\/a><\/em><\/p>\n","protected":false},"excerpt":{"rendered":"<p>CIUDAD DE M\u00c9XICO * 9 de enero de 2022. ) Apro La dirigencia del PAN en la Ciudad de M\u00e9xico present\u00f3 una denuncia contra la jefa de gobierno, Claudia Sheinbaum por el probable delito de \u00abhomicidio culposo\u00bb de Yaretzi Hern\u00e1ndez, la joven que falleci\u00f3 el s\u00e1bado durante el choque de trenes en la L\u00ednea 3&#8230;<\/p>\n","protected":false},"author":2,"featured_media":1249778,"comment_status":"closed","ping_status":"closed","sticky":false,"template":"","format":"standard","meta":{"footnotes":""},"categories":[1997],"tags":[2693,5850,11991,14184],"class_list":["post-1249776","post","type-post","status-publish","format-standard","has-post-thumbnail","hentry","category-noticias-destacadas","tag-esclaudia","tag-claudia-sheimbaum-pardo","tag-linea-3-metrocdmx","tag-pan"],"_links":{"self":[{"href":"https:\/\/www.acapulcopress.com\/index.php\/wp-json\/wp\/v2\/posts\/1249776","targetHints":{"allow":["GET"]}}],"collection":[{"href":"https:\/\/www.acapulcopress.com\/index.php\/wp-json\/wp\/v2\/posts"}],"about":[{"href":"https:\/\/www.acapulcopress.com\/index.php\/wp-json\/wp\/v2\/types\/post"}],"author":[{"embeddable":true,"href":"https:\/\/www.acapulcopress.com\/index.php\/wp-json\/wp\/v2\/users\/2"}],"replies":[{"embeddable":true,"href":"https:\/\/www.acapulcopress.com\/index.php\/wp-json\/wp\/v2\/comments?post=1249776"}],"version-history":[{"count":0,"href":"https:\/\/www.acapulcopress.com\/index.php\/wp-json\/wp\/v2\/posts\/1249776\/revisions"}],"wp:featuredmedia":[{"embeddable":true,"href":"https:\/\/www.acapulcopress.com\/index.php\/wp-json\/"}],"wp:attachment":[{"href":"https:\/\/www.acapulcopress.com\/index.php\/wp-json\/wp\/v2\/media?parent=1249776"}],"wp:term":[{"taxonomy":"category","embeddable":true,"href":"https:\/\/www.acapulcopress.com\/index.php\/wp-json\/wp\/v2\/categories?post=1249776"},{"taxonomy":"post_tag","embeddable":true,"href":"https:\/\/www.acapulcopress.com\/index.php\/wp-json\/wp\/v2\/tags?post=1249776"}],"curies":[{"name":"wp","href":"https:\/\/api.w.org\/{rel}","templated":true}]}}