{"id":1249785,"date":"2023-01-09T18:33:18","date_gmt":"2023-01-10T00:33:18","guid":{"rendered":"https:\/\/www.acapulcopress.com\/?p=1249785"},"modified":"2023-01-09T18:33:18","modified_gmt":"2023-01-10T00:33:18","slug":"peru-veta-acceso-de-evo-morales-al-pais","status":"publish","type":"post","link":"https:\/\/www.acapulcopress.com\/index.php\/2023\/01\/09\/peru-veta-acceso-de-evo-morales-al-pais\/","title":{"rendered":"Per\u00fa veta acceso de Evo Morales al pa\u00eds"},"content":{"rendered":"<p style=\"text-align: justify;\">MADRID * 9 de enero de 2022.<br \/>\n<em>) Europapress<\/em><br \/>\nEl Gobierno de Per\u00fa prohibi\u00f3 la entrada en el pa\u00eds de nueve ciudadanos bolivianos, entre ellos el expresidente Evo Morales, por considerar que incurrieron en actividades \u00abde \u00edndole proselitista\u00bb, aparentemente despu\u00e9s de que intercedieran en favor del depuesto Pedro Castillo.<\/p>\n<p style=\"text-align: justify;\">\u00abPer\u00fa es un pa\u00eds soberano y democr\u00e1tico, cuyo ordenamiento migratorio establece que todo ciudadano extranjero en territorio nacional tiene el deber de conducirse cumpliendo el ordenamiento jur\u00eddico, en especial en lo referido a la seguridad nacional y el orden interno\u00bb, reza una nota del Ministerio del Interior.<\/p>\n<p style=\"text-align: justify;\">En este sentido, puso en cuesti\u00f3n las actividades de ciudadanos bolivianos en Per\u00fa, en \u00abclara afectaci\u00f3n\u00bb a la seguridad y el orden, y confirm\u00f3 que desde el 6 de enero Morales y otros ocho compatriotas no pueden entrar a territorio peruano.<\/p>\n<p style=\"text-align: justify;\">El Ministerio subray\u00f3, no obstante, los \u00ablazos hist\u00f3ricos\u00bb que unen a Per\u00fa con otros pa\u00edses de la regi\u00f3n, con los cuales lleva a cabo \u00abimportantes alianzas destinadas a lograr el desarrollo, paz social, bienestar y seguridad\u00bb.<\/p>\n<p style=\"text-align: justify;\">Morales ha defendido a Castillo, apartado por el Congreso el 7 de diciembre despu\u00e9s de que intentase aumentar sus poderes con un gobierno de excepci\u00f3n. Tambi\u00e9n ha cuestionado el papel del actual Gobierno, encabezado por Dina Boluarte, en la represi\u00f3n de las manifestaciones.<\/p>\n<p style=\"text-align: justify;\"><em>) S\u00edguenos en Facebook | @<a href=\"https:\/\/www.facebook.com\/acapulcopress.news\" target=\"_blank\" rel=\"noopener\">AcapulcoPress<\/a><\/em><\/p>\n","protected":false},"excerpt":{"rendered":"<p>MADRID * 9 de enero de 2022. ) Europapress El Gobierno de Per\u00fa prohibi\u00f3 la entrada en el pa\u00eds de nueve ciudadanos bolivianos, entre ellos el expresidente Evo Morales, por considerar que incurrieron en actividades \u00abde \u00edndole proselitista\u00bb, aparentemente despu\u00e9s de que intercedieran en favor del depuesto Pedro Castillo. \u00abPer\u00fa es un pa\u00eds soberano y&#8230;<\/p>\n","protected":false},"author":2,"featured_media":1249786,"comment_status":"closed","ping_status":"closed","sticky":false,"template":"","format":"standard","meta":{"footnotes":""},"categories":[1969,2020],"tags":[8263,11101,13185],"class_list":["post-1249785","post","type-post","status-publish","format-standard","has-post-thumbnail","hentry","category-trending","category-world-news","tag-evo-morales","tag-jose-pedro-castillo-terrones","tag-ministerio-del-interior-del-peru"],"_links":{"self":[{"href":"https:\/\/www.acapulcopress.com\/index.php\/wp-json\/wp\/v2\/posts\/1249785","targetHints":{"allow":["GET"]}}],"collection":[{"href":"https:\/\/www.acapulcopress.com\/index.php\/wp-json\/wp\/v2\/posts"}],"about":[{"href":"https:\/\/www.acapulcopress.com\/index.php\/wp-json\/wp\/v2\/types\/post"}],"author":[{"embeddable":true,"href":"https:\/\/www.acapulcopress.com\/index.php\/wp-json\/wp\/v2\/users\/2"}],"replies":[{"embeddable":true,"href":"https:\/\/www.acapulcopress.com\/index.php\/wp-json\/wp\/v2\/comments?post=1249785"}],"version-history":[{"count":0,"href":"https:\/\/www.acapulcopress.com\/index.php\/wp-json\/wp\/v2\/posts\/1249785\/revisions"}],"wp:featuredmedia":[{"embeddable":true,"href":"https:\/\/www.acapulcopress.com\/index.php\/wp-json\/"}],"wp:attachment":[{"href":"https:\/\/www.acapulcopress.com\/index.php\/wp-json\/wp\/v2\/media?parent=1249785"}],"wp:term":[{"taxonomy":"category","embeddable":true,"href":"https:\/\/www.acapulcopress.com\/index.php\/wp-json\/wp\/v2\/categories?post=1249785"},{"taxonomy":"post_tag","embeddable":true,"href":"https:\/\/www.acapulcopress.com\/index.php\/wp-json\/wp\/v2\/tags?post=1249785"}],"curies":[{"name":"wp","href":"https:\/\/api.w.org\/{rel}","templated":true}]}}