{"id":1249788,"date":"2023-01-09T18:52:39","date_gmt":"2023-01-10T00:52:39","guid":{"rendered":"https:\/\/www.acapulcopress.com\/?p=1249788"},"modified":"2023-01-09T18:52:39","modified_gmt":"2023-01-10T00:52:39","slug":"llama-gobernadora-evelyn-salgado-a-redoblar-esfuerzos-por-el-bienestar-de-guerrero","status":"publish","type":"post","link":"https:\/\/www.acapulcopress.com\/index.php\/2023\/01\/09\/llama-gobernadora-evelyn-salgado-a-redoblar-esfuerzos-por-el-bienestar-de-guerrero\/","title":{"rendered":"Llama Gobernadora Evelyn Salgado a redoblar esfuerzos por el bienestar de Guerrero"},"content":{"rendered":"<p style=\"text-align: justify;\">CHILPANCINGO * 9 de enero de 2022.<br \/>\n<em>) Gobierno de Guerrero<\/em><br \/>\nAl encabezar la ceremonia de izamiento y homenaje a la Bandera correspondiente al mes <img loading=\"lazy\" decoding=\"async\" class=\"alignleft size-medium wp-image-1249791\" src=\"https:\/\/www.acapulcopress.com\/wp-content\/uploads\/2023\/01\/evelyn.4t3-375x250.jpg\" alt=\"\" width=\"375\" height=\"250\" \/>de enero, la gobernadora Evelyn Salgado Pineda, llam\u00f3 a redoblar los esfuerzos desde el escritorio y en el territorio para seguir consolidando y profundizando la cuarta transformaci\u00f3n en las ocho regiones, priorizando las comunidades que m\u00e1s lo necesitan, como son los pueblos ind\u00edgenas y afromexicanos.<\/p>\n<p style=\"text-align: justify;\">\u00abQue este 2023 sea regido por principios, por valores, la honestidad, la sencillez, la fraternidad, la solidaridad, la austeridad y la justicia siempre ayudando al pr\u00f3jimo y trabajando en beneficio de nuestro estado. Que este nuevo a\u00f1o sea una nueva oportunidad para seguir trabajando por la transformaci\u00f3n de Guerrero\u00bb, expres\u00f3 en su mensaje ante servidores p\u00fablicos de todas las \u00e1reas de gobierno en Guerrero.<\/p>\n<p style=\"text-align: justify;\"><img loading=\"lazy\" decoding=\"async\" class=\"alignleft size-medium wp-image-1249792\" src=\"https:\/\/www.acapulcopress.com\/wp-content\/uploads\/2023\/01\/evelyn.4t4-375x231.jpg\" alt=\"\" width=\"375\" height=\"231\" \/>Desde la <em>Casa del Pueblo<\/em> y tras el periodo vacacional, la mandataria estatal, mencion\u00f3 que este a\u00f1o 2023 se busca mejorar los servicios para seguir trabajando por la transformaci\u00f3n de Guerrero, con vocaci\u00f3n y atenci\u00f3n, con la calidez y calidad con la que se debe atender al pueblo, con sencillez, transparencia y con la austeridad que deben de ser los sellos de este gobierno.<\/p>\n<p style=\"text-align: justify;\">En su mensaje, Evelyn Salgado, reconoci\u00f3 el trabajo de cada una de las dependencias en el territorio, donde no se ten\u00eda la visita de alg\u00fan funcionario o secretario o del gobernador o gobernadora en administraciones pasadas, por lo que puntualiz\u00f3 que este a\u00f1o se estar\u00e1 apoyando a las y los guerrerenses con m\u00e1s infraestructura, apoyando a la educaci\u00f3n, salud, <img loading=\"lazy\" decoding=\"async\" class=\"alignleft size-medium wp-image-1249793\" src=\"https:\/\/www.acapulcopress.com\/wp-content\/uploads\/2023\/01\/evelyn.4t5-375x248.jpg\" alt=\"\" width=\"375\" height=\"248\" \/>seguridad.<\/p>\n<p style=\"text-align: justify;\">\u00abHoy conocen a las autoridades del gobierno estatal porque estamos en el territorio, es lo que el pueblo pide, y les pido que sigamos haciendo, estar en el territorio, tambi\u00e9n en el escritorio atendiendo a quienes vienen de diferentes comunidades a pedir alg\u00fan servicio y seguir trabajando de la mano\u00bb, afirm\u00f3 en su mensaje la gobernadora.<\/p>\n<p style=\"text-align: justify;\">Acompa\u00f1ada por la titular del poder Legislativo, la diputada Yanelly Hern\u00e1ndez Mart\u00ednez y del poder Judicial, el magistrado Raymundo Casarrubias V\u00e1zquez, la gobernadora record\u00f3 que en enero se conmemora el D\u00eda Internacional de la Educaci\u00f3n, en el que dijo, se refrenda el compromiso absoluto con la gran revoluci\u00f3n educativa que se lleva a cabo en Guerrero, adem\u00e1s, dijo que tambi\u00e9n se conmemora el D\u00eda internacional de la Cultura Africana y de los Afrodescendientes, en este sentido, reiter\u00f3 su compromiso con las y los hermanos ind\u00edgenas y afromexicanos de Guerrero.<\/p>\n<p style=\"text-align: justify;\">Asistieron el senador F\u00e9lix Salgado Macedonio; el secretario general de Gobierno, Ludwig Marcial Reynoso N\u00fa\u00f1ez; la Presidenta del Sistema DIF Guerrero, Liz Salgado Pineda; el Comandante de la D\u00e9cima Segunda Regi\u00f3n Naval, Julio C\u00e9sar Pescina \u00c1vila; la Fiscal General del Estado, Sandra Luz Valdovinos Salmer\u00f3n; la diputada Yoloczin Dom\u00ednguez Serna; el Comandante de la 35 zona Militar, Enrique Mart\u00ednez L\u00f3pez; el Coordinador Estatal de la Guardia Nacional, Andr\u00e9s Ram\u00edrez\u00a0Xochicalli.<\/p>\n<p style=\"text-align: justify;\"><em>) S\u00edguenos en Facebook | @<a href=\"https:\/\/www.facebook.com\/acapulcopress.news\" target=\"_blank\" rel=\"noopener\">AcapulcoPress<\/a><\/em><\/p>\n","protected":false},"excerpt":{"rendered":"<p>CHILPANCINGO * 9 de enero de 2022. ) Gobierno de Guerrero Al encabezar la ceremonia de izamiento y homenaje a la Bandera correspondiente al mes de enero, la gobernadora Evelyn Salgado Pineda, llam\u00f3 a redoblar los esfuerzos desde el escritorio y en el territorio para seguir consolidando y profundizando la cuarta transformaci\u00f3n en las ocho&#8230;<\/p>\n","protected":false},"author":2,"featured_media":1249789,"comment_status":"closed","ping_status":"closed","sticky":false,"template":"","format":"standard","meta":{"footnotes":""},"categories":[1972,1983,18561],"tags":[3903,5352,7988,8251,8467,9302,12012,12139,15320],"class_list":["post-1249788","post","type-post","status-publish","format-standard","has-post-thumbnail","hentry","category-special","category-guerrerogob","category-society-politics","tag-andres-ramirez-xochicalli","tag-casa-del-pueblo-guerrero","tag-enrique-martinez-lopez","tag-evelyn-salgado-pineda","tag-felix-salgado-macedonio","tag-gobierno-de-guerrero","tag-liz-salgado-pineda","tag-ludwig-marcial-reynoso-nunez","tag-raymundo-casarrubias-vazquez"],"_links":{"self":[{"href":"https:\/\/www.acapulcopress.com\/index.php\/wp-json\/wp\/v2\/posts\/1249788","targetHints":{"allow":["GET"]}}],"collection":[{"href":"https:\/\/www.acapulcopress.com\/index.php\/wp-json\/wp\/v2\/posts"}],"about":[{"href":"https:\/\/www.acapulcopress.com\/index.php\/wp-json\/wp\/v2\/types\/post"}],"author":[{"embeddable":true,"href":"https:\/\/www.acapulcopress.com\/index.php\/wp-json\/wp\/v2\/users\/2"}],"replies":[{"embeddable":true,"href":"https:\/\/www.acapulcopress.com\/index.php\/wp-json\/wp\/v2\/comments?post=1249788"}],"version-history":[{"count":0,"href":"https:\/\/www.acapulcopress.com\/index.php\/wp-json\/wp\/v2\/posts\/1249788\/revisions"}],"wp:featuredmedia":[{"embeddable":true,"href":"https:\/\/www.acapulcopress.com\/index.php\/wp-json\/"}],"wp:attachment":[{"href":"https:\/\/www.acapulcopress.com\/index.php\/wp-json\/wp\/v2\/media?parent=1249788"}],"wp:term":[{"taxonomy":"category","embeddable":true,"href":"https:\/\/www.acapulcopress.com\/index.php\/wp-json\/wp\/v2\/categories?post=1249788"},{"taxonomy":"post_tag","embeddable":true,"href":"https:\/\/www.acapulcopress.com\/index.php\/wp-json\/wp\/v2\/tags?post=1249788"}],"curies":[{"name":"wp","href":"https:\/\/api.w.org\/{rel}","templated":true}]}}