{"id":1249818,"date":"2023-01-09T20:17:34","date_gmt":"2023-01-10T02:17:34","guid":{"rendered":"https:\/\/www.acapulcopress.com\/?p=1249818"},"modified":"2023-01-09T20:17:34","modified_gmt":"2023-01-10T02:17:34","slug":"secretario-de-educacion-entrego-estimulos-a-la-jubilacion-a-trabajadores-de-seg","status":"publish","type":"post","link":"https:\/\/www.acapulcopress.com\/index.php\/2023\/01\/09\/secretario-de-educacion-entrego-estimulos-a-la-jubilacion-a-trabajadores-de-seg\/","title":{"rendered":"Secretario de Educaci\u00f3n entreg\u00f3 est\u00edmulos a la jubilaci\u00f3n a trabajadores de SEG"},"content":{"rendered":"<p style=\"text-align: justify;\">CHILPANCINGO * 9 de enero de 2022.<br \/>\n<em>) SEG<\/em><br \/>\n<img loading=\"lazy\" decoding=\"async\" class=\"alignleft size-medium wp-image-1249812\" src=\"https:\/\/www.acapulcopress.com\/wp-content\/uploads\/2023\/01\/macial.seg3_-375x281.jpg\" alt=\"\" width=\"375\" height=\"281\" \/>El secretario de Educaci\u00f3n en Guerrero, Marcial Rodr\u00edguez Salda\u00f1a, entreg\u00f3 est\u00edmulos econ\u00f3micos a trabajadoras\/es de la SEG que se inscribieron en el programa de \u201cEst\u00edmulo a la Jubilaci\u00f3n\u201d.<\/p>\n<p style=\"text-align: justify;\">El responsable de la educaci\u00f3n en Guerrero manifest\u00f3 que este programa fue gestionado por la gobernadora Evelyn Salgado Pineda, con el objeto de apoyar a quienes han entregado muchos a\u00f1os de su vida al servicio de la educaci\u00f3n, el cual tambi\u00e9n servir\u00e1 para incorporar trabajadores a la n\u00f3mina Fone.<\/p>\n<p style=\"text-align: justify;\">Rodr\u00edguez Salda\u00f1a dijo que el programa fue manejado con absoluta transparencia y que se entreg\u00f3 a quienes reunieron los requisitos para jubilarse.<\/p>\n<p style=\"text-align: justify;\">Estuvieron en el evento, el Secretario General de la Secci\u00f3n XIV del SNTE, Mtro. Silvano <img loading=\"lazy\" decoding=\"async\" class=\"alignleft size-medium wp-image-1249811\" src=\"https:\/\/www.acapulcopress.com\/wp-content\/uploads\/2023\/01\/macial.seg2_-375x281.jpg\" alt=\"\" width=\"375\" height=\"281\" \/>Palacios Salgado, los Subsecretarios: de Administraci\u00f3n y Finanzas, Mtro. Alejandro Moreno Lira; de Planeaci\u00f3n Educativa, Mtro. Benjam\u00edn Adame Pereyra; de Educaci\u00f3n Media Superior y Superior, Mtro. Marco Antonio Marban Galv\u00e1n; de Educaci\u00f3n B\u00e1sica, Mtro. Ricardo Castillo Pe\u00f1a; la Contralora de la SEG, Mtra. Maricela M\u00e9ndez Guevara y el Titular de Asuntos Jur\u00eddicos, Lic. Roberto Cuevas Bahena.<\/p>\n<div style=\"width: 848px;\" class=\"wp-video\"><video class=\"wp-video-shortcode\" id=\"video-1249818-1\" width=\"848\" height=\"480\" preload=\"metadata\" controls=\"controls\"><source type=\"video\/mp4\" src=\"https:\/\/www.acapulcopress.com\/wp-content\/uploads\/2023\/01\/marcial.seg_.mp4?_=1\" \/><a href=\"https:\/\/www.acapulcopress.com\/wp-content\/uploads\/2023\/01\/marcial.seg_.mp4\">https:\/\/www.acapulcopress.com\/wp-content\/uploads\/2023\/01\/marcial.seg_.mp4<\/a><\/video><\/div>\n<p style=\"text-align: justify;\"><em>) S\u00edguenos en Facebook | @<a href=\"https:\/\/www.facebook.com\/acapulcopress.news\" target=\"_blank\" rel=\"noopener\">AcapulcoPress<\/a><\/em><\/p>\n","protected":false},"excerpt":{"rendered":"<p>CHILPANCINGO * 9 de enero de 2022. ) SEG El secretario de Educaci\u00f3n en Guerrero, Marcial Rodr\u00edguez Salda\u00f1a, entreg\u00f3 est\u00edmulos econ\u00f3micos a trabajadoras\/es de la SEG que se inscribieron en el programa de \u201cEst\u00edmulo a la Jubilaci\u00f3n\u201d. El responsable de la educaci\u00f3n en Guerrero manifest\u00f3 que este programa fue gestionado por la gobernadora Evelyn Salgado&#8230;<\/p>\n","protected":false},"author":2,"featured_media":1249810,"comment_status":"closed","ping_status":"closed","sticky":false,"template":"","format":"standard","meta":{"footnotes":""},"categories":[18561,2081],"tags":[12457,16362],"class_list":["post-1249818","post","type-post","status-publish","format-standard","has-post-thumbnail","hentry","category-society-politics","category-seg","tag-marcial-rodriguez-saldana","tag-seg"],"_links":{"self":[{"href":"https:\/\/www.acapulcopress.com\/index.php\/wp-json\/wp\/v2\/posts\/1249818","targetHints":{"allow":["GET"]}}],"collection":[{"href":"https:\/\/www.acapulcopress.com\/index.php\/wp-json\/wp\/v2\/posts"}],"about":[{"href":"https:\/\/www.acapulcopress.com\/index.php\/wp-json\/wp\/v2\/types\/post"}],"author":[{"embeddable":true,"href":"https:\/\/www.acapulcopress.com\/index.php\/wp-json\/wp\/v2\/users\/2"}],"replies":[{"embeddable":true,"href":"https:\/\/www.acapulcopress.com\/index.php\/wp-json\/wp\/v2\/comments?post=1249818"}],"version-history":[{"count":0,"href":"https:\/\/www.acapulcopress.com\/index.php\/wp-json\/wp\/v2\/posts\/1249818\/revisions"}],"wp:featuredmedia":[{"embeddable":true,"href":"https:\/\/www.acapulcopress.com\/index.php\/wp-json\/"}],"wp:attachment":[{"href":"https:\/\/www.acapulcopress.com\/index.php\/wp-json\/wp\/v2\/media?parent=1249818"}],"wp:term":[{"taxonomy":"category","embeddable":true,"href":"https:\/\/www.acapulcopress.com\/index.php\/wp-json\/wp\/v2\/categories?post=1249818"},{"taxonomy":"post_tag","embeddable":true,"href":"https:\/\/www.acapulcopress.com\/index.php\/wp-json\/wp\/v2\/tags?post=1249818"}],"curies":[{"name":"wp","href":"https:\/\/api.w.org\/{rel}","templated":true}]}}