{"id":1249820,"date":"2023-01-09T20:33:57","date_gmt":"2023-01-10T02:33:57","guid":{"rendered":"https:\/\/www.acapulcopress.com\/?p=1249820"},"modified":"2023-01-09T20:33:57","modified_gmt":"2023-01-10T02:33:57","slug":"santos-ramirez-titular-de-secturgro-nuevo-presidente-de-la-asetur","status":"publish","type":"post","link":"https:\/\/www.acapulcopress.com\/index.php\/2023\/01\/09\/santos-ramirez-titular-de-secturgro-nuevo-presidente-de-la-asetur\/","title":{"rendered":"Santos Ram\u00edrez, titular de #SecturGro, nuevo presidente de la Asetur"},"content":{"rendered":"<p style=\"text-align: justify;\">CIUDAD DE M\u00c9XICO * 9 de enero de 2022.<br \/>\n<em>) Sectur Guerrero<\/em><br \/>\nEl secretario de Turismo de Guerrero, Santos Ram\u00edrez Cuevas, fue nombrado titular de la <img loading=\"lazy\" decoding=\"async\" class=\"alignleft size-medium wp-image-1249822\" src=\"https:\/\/www.acapulcopress.com\/wp-content\/uploads\/2023\/01\/secturgro2-375x250.jpg\" alt=\"\" width=\"375\" height=\"250\" \/>Comisi\u00f3n de Estad\u00edstica y Conectividad Tur\u00edstica de la Asociaci\u00f3n de Secretarios de Turismo de M\u00e9xico (Asetur), durante la primera reuni\u00f3n de trabajo del 2023 de los integrantes de la Uni\u00f3n de Secretarios de Turismo de M\u00e9xico con el titular de la Secretar\u00eda de Turismo federal, Miguel Torruco Marqu\u00e9s.<\/p>\n<p style=\"text-align: justify;\">En el evento, Ram\u00edrez Cuevas se comprometi\u00f3 a hacer equipo en beneficio de la conectividad a nivel nacional y fortalecer las estad\u00edsticas del sector, lo que permitir\u00e1 continuar con las acciones y programas que impulsa la administraci\u00f3n que encabeza la gobernadora, Evelyn Salgado Pineda.<\/p>\n<p style=\"text-align: justify;\">Se manifest\u00f3 contento del acercamiento con Miguel Torruco Marqu\u00e9s que le permiti\u00f3 platicarle sobre las acciones y proyectos para los destinos de Guerrero a fin de consolidar <img loading=\"lazy\" decoding=\"async\" class=\"alignleft size-medium wp-image-1249824\" src=\"https:\/\/www.acapulcopress.com\/wp-content\/uploads\/2023\/01\/secturgro4-375x281.jpg\" alt=\"\" width=\"375\" height=\"281\" \/>nuevos productos tur\u00edsticos, eventos nacionales e internacionales; as\u00ed como mejorar los servicios y la infraestructura tur\u00edstica en beneficio de los visitantes.<\/p>\n<p style=\"text-align: justify;\">Durante su intervenci\u00f3n, el secretario de Turismo de Nayarit y presidente de la Asetur, Juan Enrique Su\u00e1rez del Real Tostado, manifest\u00f3 que el 2023 ser\u00e1 un a\u00f1o extraordinario, luego de que muchos estados superaron sus expectativas.<\/p>\n<p style=\"text-align: justify;\">\u201cEste a\u00f1o no s\u00f3lo debemos preocuparnos por la ocupaci\u00f3n, tambi\u00e9n por las pol\u00edticas p\u00fablicas para generar acciones positivas en el pa\u00eds\u201d, expres\u00f3 el presidente de Asetur.<\/p>\n<p style=\"text-align: justify;\">Por su parte, el secretario de Turismo de M\u00e9xico, Miguel Torruco Marqu\u00e9s, dijo que se dar\u00e1 seguimiento al trabajo de forma colaborativa y de estrategias conjuntas que impulsan el sector en todos los destinos tur\u00edsticos del pa\u00eds.<\/p>\n<p><em>) S\u00edguenos en Facebook | @<a href=\"https:\/\/www.facebook.com\/acapulcopress.news\" target=\"_blank\" rel=\"noopener\">AcapulcoPress<\/a><\/em><\/p>\n","protected":false},"excerpt":{"rendered":"<p>CIUDAD DE M\u00c9XICO * 9 de enero de 2022. ) Sectur Guerrero El secretario de Turismo de Guerrero, Santos Ram\u00edrez Cuevas, fue nombrado titular de la Comisi\u00f3n de Estad\u00edstica y Conectividad Tur\u00edstica de la Asociaci\u00f3n de Secretarios de Turismo de M\u00e9xico (Asetur), durante la primera reuni\u00f3n de trabajo del 2023 de los integrantes de la&#8230;<\/p>\n","protected":false},"author":2,"featured_media":1249823,"comment_status":"closed","ping_status":"closed","sticky":false,"template":"","format":"standard","meta":{"footnotes":""},"categories":[1988,18562],"tags":[4294,8251,16050,16333,16338],"class_list":["post-1249820","post","type-post","status-publish","format-standard","has-post-thumbnail","hentry","category-lifestyles","category-turism","tag-asociacion-de-secretarios-de-turismo-de-mexico-asetur","tag-evelyn-salgado-pineda","tag-santos-ramirez-cuevas","tag-sectur","tag-secturgro"],"_links":{"self":[{"href":"https:\/\/www.acapulcopress.com\/index.php\/wp-json\/wp\/v2\/posts\/1249820","targetHints":{"allow":["GET"]}}],"collection":[{"href":"https:\/\/www.acapulcopress.com\/index.php\/wp-json\/wp\/v2\/posts"}],"about":[{"href":"https:\/\/www.acapulcopress.com\/index.php\/wp-json\/wp\/v2\/types\/post"}],"author":[{"embeddable":true,"href":"https:\/\/www.acapulcopress.com\/index.php\/wp-json\/wp\/v2\/users\/2"}],"replies":[{"embeddable":true,"href":"https:\/\/www.acapulcopress.com\/index.php\/wp-json\/wp\/v2\/comments?post=1249820"}],"version-history":[{"count":0,"href":"https:\/\/www.acapulcopress.com\/index.php\/wp-json\/wp\/v2\/posts\/1249820\/revisions"}],"wp:featuredmedia":[{"embeddable":true,"href":"https:\/\/www.acapulcopress.com\/index.php\/wp-json\/"}],"wp:attachment":[{"href":"https:\/\/www.acapulcopress.com\/index.php\/wp-json\/wp\/v2\/media?parent=1249820"}],"wp:term":[{"taxonomy":"category","embeddable":true,"href":"https:\/\/www.acapulcopress.com\/index.php\/wp-json\/wp\/v2\/categories?post=1249820"},{"taxonomy":"post_tag","embeddable":true,"href":"https:\/\/www.acapulcopress.com\/index.php\/wp-json\/wp\/v2\/tags?post=1249820"}],"curies":[{"name":"wp","href":"https:\/\/api.w.org\/{rel}","templated":true}]}}