{"id":1249848,"date":"2023-01-09T21:34:15","date_gmt":"2023-01-10T03:34:15","guid":{"rendered":"https:\/\/www.acapulcopress.com\/?p=1249848"},"modified":"2023-01-09T21:34:15","modified_gmt":"2023-01-10T03:34:15","slug":"biden-y-amlo-abren-con-brusquedad-sus-reuniones-en-mexico","status":"publish","type":"post","link":"https:\/\/www.acapulcopress.com\/index.php\/2023\/01\/09\/biden-y-amlo-abren-con-brusquedad-sus-reuniones-en-mexico\/","title":{"rendered":"Biden y AMLO abren con brusquedad sus reuniones en M\u00e9xico"},"content":{"rendered":"<p style=\"text-align: justify;\">CIUDAD DE M\u00c9XICO * 9 de enero de 2022.<br \/>\n) AP<br \/>\nEl presidente mexicano Andr\u00e9s Manuel L\u00f3pez Obrador desafi\u00f3 a su par estadounidense Joe Biden a poner fin a una actitud de \u201cabandono\u201d y \u201cdesprecio\u201d por Am\u00e9rica Latina y el Caribe cuando los dos l\u00edderes se reunieron el lunes, lo que dio lugar a una brusca apertura de una cumbre de l\u00edderes norteamericanos.<\/p>\n<p style=\"text-align: justify;\">Los comentarios contrastaron con la muestra p\u00fablica de afecto entre L\u00f3pez Obrador y Biden poco antes, cuando sonrieron, se abrazaron y se dieron la mano para las c\u00e1maras. Pero una vez que los dos se sentaron en una sala del Palacio Nacional, flanqueados por delegaciones de altos funcionarios, las viejas tensiones no tardaron en salir a la superficie.<\/p>\n<p style=\"text-align: justify;\">L\u00f3pez Obrador desafi\u00f3 a Biden a mejorar la situaci\u00f3n en toda la regi\u00f3n y le dijo que \u201ctiene la llave para abrir y mejorar sustancialmente las relaciones entre todos los pa\u00edses del continente americano\u201d.<\/p>\n<p style=\"text-align: justify;\">\u201cEste es el momento de terminar con ese olvido, ese abandono, ese desd\u00e9n hacia Am\u00e9rica Latina y el Caribe\u201d, agreg\u00f3.<\/p>\n<p style=\"text-align: justify;\">Biden respondi\u00f3 defendiendo los miles de millones de d\u00f3lares que Estados Unidos ha gastado en los \u00faltimos quince a\u00f1os en ayuda exterior en todo el mundo, y dijo que \u201clamentablemente, nuestra responsabilidad no termina en el hemisferio occidental\u201d.<\/p>\n<p style=\"text-align: justify;\">Si bien ambos gobernantes se comprometieron a trabajar juntos, fue un intercambio notablemente agudo ante los periodistas. No estaba claro si el estado de \u00e1nimo mejorar\u00eda m\u00e1s tarde en la noche cuando Biden y L\u00f3pez Obrador iban a cenar con el primer ministro canadiense, Justin Trudeau, y sus esposas.<\/p>\n<p style=\"text-align: justify;\">La mayor parte del trabajo de la cumbre se manejar\u00e1 el martes, cuando los tres l\u00edderes sostendr\u00e1n nuevamente conversaciones.<\/p>\n<p style=\"text-align: justify;\">La reuni\u00f3n se lleva a cabo de forma anual, aunque hubo una interrupci\u00f3n mientras Donald Trump era presidente de Estados Unidos. A menudo se la llama la \u201ccumbre de los tres amigos\u201d, una referencia a los profundos lazos diplom\u00e1ticos y econ\u00f3micos entre los tres pa\u00edses norteamericanos, pero han surgido nuevas tensiones.<\/p>\n<p style=\"text-align: justify;\">Las tres naciones se esfuerzan por gestionar el movimiento de personas hacia Norteam\u00e9rica y por acabar con los contrabandistas de personas que se lucran persuadiendo a los migrantes para que realicen el peligroso viaje a Estados Unidos.<\/p>\n<p style=\"text-align: justify;\">Adem\u00e1s, Canad\u00e1 y Estados Unidos acusan a L\u00f3pez Obrador de violar un acuerdo de libre comercio al favorecer en materia energ\u00e9tica a la empresa estatal mexicana frente a las centrales el\u00e9ctricas construidas por inversores extranjeros y privados. Mientras tanto, a Trudeau y a L\u00f3pez Obrador les preocupan los esfuerzos de Biden por impulsar la producci\u00f3n nacional, lo que genera inquietud por la posibilidad de que los vecinos estadounidenses se queden atr\u00e1s.<\/p>\n<p style=\"text-align: justify;\">Biden y L\u00f3pez Obrador tampoco se han llevado especialmente bien en los \u00faltimos dos a\u00f1os. El mandatario mexicano no oculta su admiraci\u00f3n por Trump y el a\u00f1o pasado falt\u00f3 a una cumbre en Los \u00c1ngeles porque Biden no invit\u00f3 a los gobernantes de Cuba, Venezuela y Nicaragua.<\/p>\n<p style=\"text-align: justify;\">Sin embargo, ha habido intentos de descongelar la relaci\u00f3n. Biden se esforz\u00f3 por volar al nuevo aeropuerto internacional Felipe \u00c1ngeles, un proyecto muy apreciado por el presidente mexicano pese a ser fuente de pol\u00e9mica.<\/p>\n<p style=\"text-align: justify;\">El aeropuerto, que se espera que cueste 4.100 millones de d\u00f3lares cuando est\u00e9 terminado, est\u00e1 a m\u00e1s de una hora en auto del norte al centro de la ciudad, tiene pocos vuelos y hasta hace poco carec\u00eda de agua potable. Sin embargo, es uno de los proyectos claves que L\u00f3pez Obrador se apresura a concluir antes de que termine su mandato el a\u00f1o que viene, junto con una refiner\u00eda, un tren tur\u00edstico en la pen\u00ednsula de Yucat\u00e1n y un tren que una los puertos mar\u00edtimos de la costa del Golfo y del Pac\u00edfico.<\/p>\n<p style=\"text-align: justify;\">El tono de la tarde contrast\u00f3 con la cordialidad mantenida durante la ma\u00f1ana, con puntos coincidentes sobre todo en materia migratoria.<\/p>\n<p style=\"text-align: justify;\">Biden, el primer jefe de la Casa Blanca que visita M\u00e9xico en casi una d\u00e9cada, aterriz\u00f3 en la capital el domingo por la noche y fue recibido por su par mexicano. Luego se subieron a la \u201cBestia\u201d para cruzar la Ciudad de M\u00e9xico hasta al lugar donde pernotar\u00eda Biden. Esa conversaci\u00f3n fue el primer contacto privado y directo de los mandatarios, dos pol\u00edticos que necesitan entenderse pero que tienen distintas visiones y prioridades.<\/p>\n<p style=\"text-align: justify;\">\u201cHablamos en muy buenos t\u00e9rminos\u201d, dijo el mexicano en su conferencia matutina del lunes. \u201cPlaticamos sobre temas que vamos a tratar en la reuni\u00f3n de hoy\u201d, agreg\u00f3.<\/p>\n<p style=\"text-align: justify;\">Adem\u00e1s de migraci\u00f3n, L\u00f3pez Obrador dijo que hablaron del desarrollo y la integraci\u00f3n no s\u00f3lo de Am\u00e9rica del Norte sino de todo el continente, tanto en lo econ\u00f3mico como en lo social.<\/p>\n<p style=\"text-align: justify;\">\u201cQue se logre la uni\u00f3n entre todos los pa\u00edses del continente americano, que podamos complementarnos, porque es el continente con m\u00e1s potencial, con m\u00e1s recursos\u201d, afirm\u00f3.<\/p>\n<p style=\"text-align: justify;\">Seg\u00fan el mexicano no se trat\u00f3 la reciente detenci\u00f3n de Ovidio Guzm\u00e1n, uno de los hijos del encarcelado narcotraficante Joaqu\u00edn \u201cEl Chapo\u201d Guzm\u00e1n, ex l\u00edder del C\u00e1rtel de Sinaloa, aunque su captura fue vista por diversos analistas como un regalo previo a la visita, lo que el mexicano consider\u00f3 una \u201cfalta de respeto\u201d hacia quienes llevaron a cabo la acci\u00f3n y los 10 militares que perdieron la vida.<\/p>\n<p style=\"text-align: justify;\">Antes de la cita en la capital mexicana Biden anunci\u00f3 un importante cambio en la pol\u00edtica fronteriza y el s\u00e1bado pas\u00f3 cuatro horas en El Paso, Texas, su primer viaje a la frontera como presidente.<\/p>\n<p style=\"text-align: justify;\">Seg\u00fan el acuerdo del fin de semana, que cont\u00f3 con el benepl\u00e1cito del gobierno mexicano, M\u00e9xico acept\u00f3 recibir cada mes a 30.000 cubanos, nicarag\u00fcenses, venezolanos y haitianos devueltos desde Estados Unidos y a cambio Washington ofrecer\u00e1 cada mes visas temporales de trabajo al mismo n\u00famero de personas de esas cuatro nacionalidades si cumplen con ciertos requisitos, como llegar en avi\u00f3n.<\/p>\n<p style=\"text-align: justify;\">\u201cApoyamos todas estas medidas de dar opciones, dar alternativas\u201d, agreg\u00f3 L\u00f3pez Obrador. \u201cSi esto se consolida, va a generar una esperanza en la gente que quiere salir\u201d de sus pa\u00edses. En su opini\u00f3n, podr\u00eda ser \u201cun inicio\u201d para tener una migraci\u00f3n m\u00e1s ordenada y por eso consider\u00f3 viable su eventual ampliaci\u00f3n.<\/p>\n<p style=\"text-align: justify;\">Jake Sullivan, asesor de Seguridad Nacional de Biden, declar\u00f3 a los periodistas que las conversaciones continuaban y fue cauto con un tema muy controvertido en la pol\u00edtica interna estadounidense y que grupos de derechos humanos consideran que recuerda la l\u00ednea dura del expresidente Donald Trump.<\/p>\n<p style=\"text-align: justify;\">\u201cLo que necesitamos es ver c\u00f3mo funciona en la pr\u00e1ctica el programa anunciado la semana pasada, qu\u00e9 ajustes hay que hacer a ese programa \u2014si es que hay que hacer alguno\u2014 y entonces podremos hablar de dar los siguientes pasos\u201d, indic\u00f3 Sullivan.<\/p>\n<p style=\"text-align: justify;\">El env\u00edo de m\u00e1s inmigrantes a M\u00e9xico podr\u00eda ayudar a resolver el problema de la deportaci\u00f3n de personas a sus pa\u00edses de origen con los que Estados Unidos mantiene relaciones poco s\u00f3lidas.<\/p>\n<p style=\"text-align: justify;\">Pero una autoridad estadounidense integrante en la delegaci\u00f3n de la cumbre y que pidi\u00f3 el anonimato para hablar de negociaciones en marcha, indic\u00f3 a AP que los tres pa\u00edses est\u00e1n explorando distintas v\u00edas para abordar la cuesti\u00f3n migratoria y una de las \u00e1reas en las que podr\u00eda haber anuncios es en cooperaci\u00f3n.<\/p>\n<p style=\"text-align: justify;\">Pero los mandatarios, a pesar de las diferencias entre los gobiernos, quisieron enfatizar los puntos en com\u00fan. L\u00f3pez Obrador, tras dar la bienvenida a Trudeau, subray\u00f3 a trav\u00e9s su cuenta de Twitter que las relaciones con Canad\u00e1 \u201cson m\u00e1s que buenas\u201d, que empresas de ese pa\u00eds \u201cinvierten en M\u00e9xico sin obst\u00e1culos y el gobierno de ese pa\u00eds ha sido generoso al otorgar visas temporales de trabajo a nuestros compatriotas\u201d.<\/p>\n<p style=\"text-align: justify;\">Adem\u00e1s de la agenda dura de trabajo, el asesor de Seguridad Nacional de Biden indic\u00f3 que la cita ser\u00e1 \u201cuna buena oportunidad para que el presidente Biden profundice su compromiso personal con el presidente L\u00f3pez Obrador y el primer ministro Trudeau\u201d.<\/p>\n<p style=\"text-align: justify;\">Tras la cena que L\u00f3pez Obrador ofrecer\u00e1 el lunes a sus hom\u00f3logos, los tres discutir\u00e1n el martes tambi\u00e9n de otros asuntos de manufactura, comercio, econom\u00eda, inversiones y la potencial influencia global de una Am\u00e9rica del Norte m\u00e1s colaborativa.<\/p>\n<p style=\"text-align: justify;\">\u201cEsta reuni\u00f3n profundizar\u00e1 nuestra coordinaci\u00f3n y fomentar\u00e1 nuestras prioridades compartidas para Norteam\u00e9rica\u201d, tuite\u00f3 Biden.<\/p>\n<p style=\"text-align: justify;\">Martha B\u00e1rcena, exembajadora mexicana en Washington, coment\u00f3 que los dos gobiernos deber\u00e1n cuidar \u201ctoda la coreograf\u00eda\u201d porque \u201cla relaci\u00f3n es tan compleja que la liebre puede saltar por cualquier lado\u201d.<\/p>\n<p style=\"text-align: justify;\"><em>) S\u00edguenos en Facebook | @<a href=\"https:\/\/www.facebook.com\/acapulcopress.news\" target=\"_blank\" rel=\"noopener\">AcapulcoPress<\/a><\/em><\/p>\n","protected":false},"excerpt":{"rendered":"<p>CIUDAD DE M\u00c9XICO * 9 de enero de 2022. ) AP El presidente mexicano Andr\u00e9s Manuel L\u00f3pez Obrador desafi\u00f3 a su par estadounidense Joe Biden a poner fin a una actitud de \u201cabandono\u201d y \u201cdesprecio\u201d por Am\u00e9rica Latina y el Caribe cuando los dos l\u00edderes se reunieron el lunes, lo que dio lugar a una&#8230;<\/p>\n","protected":false},"author":2,"featured_media":1249849,"comment_status":"closed","ping_status":"closed","sticky":false,"template":"","format":"standard","meta":{"footnotes":""},"categories":[1969,1972,2020],"tags":[3896,10795,10820,14101],"class_list":["post-1249848","post","type-post","status-publish","format-standard","has-post-thumbnail","hentry","category-trending","category-special","category-world-news","tag-andres-manuel-lopez-obrador","tag-joaquin-el-chapo-guzman","tag-joe-biden","tag-ovidio-el-raton-guzman-lopez"],"_links":{"self":[{"href":"https:\/\/www.acapulcopress.com\/index.php\/wp-json\/wp\/v2\/posts\/1249848","targetHints":{"allow":["GET"]}}],"collection":[{"href":"https:\/\/www.acapulcopress.com\/index.php\/wp-json\/wp\/v2\/posts"}],"about":[{"href":"https:\/\/www.acapulcopress.com\/index.php\/wp-json\/wp\/v2\/types\/post"}],"author":[{"embeddable":true,"href":"https:\/\/www.acapulcopress.com\/index.php\/wp-json\/wp\/v2\/users\/2"}],"replies":[{"embeddable":true,"href":"https:\/\/www.acapulcopress.com\/index.php\/wp-json\/wp\/v2\/comments?post=1249848"}],"version-history":[{"count":0,"href":"https:\/\/www.acapulcopress.com\/index.php\/wp-json\/wp\/v2\/posts\/1249848\/revisions"}],"wp:featuredmedia":[{"embeddable":true,"href":"https:\/\/www.acapulcopress.com\/index.php\/wp-json\/"}],"wp:attachment":[{"href":"https:\/\/www.acapulcopress.com\/index.php\/wp-json\/wp\/v2\/media?parent=1249848"}],"wp:term":[{"taxonomy":"category","embeddable":true,"href":"https:\/\/www.acapulcopress.com\/index.php\/wp-json\/wp\/v2\/categories?post=1249848"},{"taxonomy":"post_tag","embeddable":true,"href":"https:\/\/www.acapulcopress.com\/index.php\/wp-json\/wp\/v2\/tags?post=1249848"}],"curies":[{"name":"wp","href":"https:\/\/api.w.org\/{rel}","templated":true}]}}