{"id":1249852,"date":"2023-01-10T17:50:28","date_gmt":"2023-01-10T23:50:28","guid":{"rendered":"https:\/\/www.acapulcopress.com\/?p=1249852"},"modified":"2023-01-10T17:50:28","modified_gmt":"2023-01-10T23:50:28","slug":"lunes-sangriento-en-peru-manifestaciones-dejan-17-muertos","status":"publish","type":"post","link":"https:\/\/www.acapulcopress.com\/index.php\/2023\/01\/10\/lunes-sangriento-en-peru-manifestaciones-dejan-17-muertos\/","title":{"rendered":"Lunes sangriento en Per\u00fa | Manifestaciones dejan 17 muertos"},"content":{"rendered":"<p style=\"text-align: justify;\">LIMA, Per\u00fa * 10 de enero de 2022.<br \/>\n<em>) <a href=\"https:\/\/efe.com\/mundo\/mueren-17-manifestantes-en-la-jornada-mas-sangrienta-de-protestas-en-peru\/\" target=\"_blank\" rel=\"noopener\">Efe<\/a><\/em><br \/>\nAl menos 17 manifestantes murieron este lunes en la ciudad peruana de Juliaca (sur) <img loading=\"lazy\" decoding=\"async\" class=\"alignleft size-medium wp-image-1249855\" src=\"https:\/\/www.acapulcopress.com\/wp-content\/uploads\/2023\/01\/muertos-peru3-375x250.webp\" alt=\"\" width=\"375\" height=\"250\" \/>durante las protestas alrededor del aeropuerto de la localidad, adem\u00e1s de un beb\u00e9 que deb\u00eda ser trasladado a un centro m\u00e9dico y no pudo llegar por los bloqueos, lo que eleva a 46 la cifra de decesos desde el pasado 11 de diciembre en todo el pa\u00eds.<\/p>\n<p style=\"text-align: justify;\">\u00abRegistramos 17 personas fallecidas en Juliaca y uno por hechos vinculados al bloqueo de v\u00edas en Chucuito\u00bb, escribi\u00f3 en Twitter la Defensor\u00eda del Pueblo en su \u00faltimo balance acerca de lo sucedido este lunes en el departamento de Puno (fronterizo con Bolivia), epicentro de las protestas.<\/p>\n<p style=\"text-align: justify;\">Simult\u00e1neamente, el ministro de Defensa afirm\u00f3 que \u00abel Ej\u00e9rcito el d\u00eda de hoy no ha tenido contacto con la poblaci\u00f3n\u00bb, por lo que todos los enfrentamientos de los manifestantes han sido con la Polic\u00eda, pese a que las Fuerzas Armadas est\u00e1n desplegadas en su apoyo en <img loading=\"lazy\" decoding=\"async\" class=\"alignleft size-medium wp-image-1249854\" src=\"https:\/\/www.acapulcopress.com\/wp-content\/uploads\/2023\/01\/muertos-peru2-375x250.webp\" alt=\"\" width=\"375\" height=\"250\" \/>virtud del estado de emergencia decretado por el Gobierno de la presidenta Dina Boluarte.<\/p>\n<p style=\"text-align: justify;\"><strong>Defensora del Pueblo lamenta los hechos<\/strong><\/p>\n<p style=\"text-align: justify;\">La defensora del Pueblo del Per\u00fa, Eliana Revollar, sostuvo que la movilizaci\u00f3n de este lunes en Juliaca fue \u00abmuy grande en el n\u00famero de personas\u00bb y lament\u00f3 que \u00abse haya tornado muy violenta\u00bb.<\/p>\n<p style=\"text-align: justify;\">En este sentido, mencion\u00f3 que los manifestantes usan \u00abarmamento casero\u00bb y los exhort\u00f3 a actuar de forma pac\u00edfica sin \u00abestos niveles de violencia\u00bb.<\/p>\n<p style=\"text-align: justify;\">\u00abLa soluci\u00f3n a este problema es pol\u00edtica. Por eso nuestro llamado al Congreso y al Gobierno para que encuentren una salida real\u00bb, concluy\u00f3.<\/p>\n<p style=\"text-align: justify;\">Adem\u00e1s de los manifestantes muertos en los choques directos con las fuerzas del orden, la Defensor\u00eda report\u00f3 un deceso por \u00abhechos vinculados al bloqueo de v\u00edas\u00bb en el distrito de Chucuito, tambi\u00e9n en Puno.<\/p>\n<p style=\"text-align: justify;\">Se trata de un beb\u00e9 de 35 semanas que falleci\u00f3 en la ambulancia que lo trasladaba a un hospital regional, donde hab\u00eda sido derivado a un especialista al presentar insuficiencia respiratoria y sepsis.<\/p>\n<p style=\"text-align: justify;\"><strong>Sexta jornada de protestas<\/strong><\/p>\n<p style=\"text-align: justify;\">La de este lunes ha sido la sexta jornada consecutiva de protestas en Per\u00fa desde que se retomaron el pasado 4 de enero, tras una tregua navide\u00f1a, y la m\u00e1s tr\u00e1gica desde que <img loading=\"lazy\" decoding=\"async\" class=\"alignleft size-medium wp-image-1249856\" src=\"https:\/\/www.acapulcopress.com\/wp-content\/uploads\/2023\/01\/muertos-peru4-375x250.webp\" alt=\"\" width=\"375\" height=\"250\" \/>arrancaron en diciembre pasado.<\/p>\n<p style=\"text-align: justify;\">Hasta el momento y desde el 11 de diciembre, 39 manifestantes han fallecido en los enfrentamientos con las fuerzas del orden y 7 m\u00e1s \u00abpor accidente de tr\u00e1nsito y hechos vinculados al bloqueo\u00bb de carreteras.<\/p>\n<p style=\"text-align: justify;\">Los manifestantes exigen la renuncia de la presidenta Dina Boluarte, el cierre del Congreso, la convocatoria de una asamblea constituyente y el adelanto de elecciones generales a 2023.<\/p>\n<p style=\"text-align: justify;\">Seg\u00fan el Gobierno peruano, cerca de 9.000 personas se dirigieron este lunes a los alrededores del aeropuerto de Juliaca, y unos 2.000 de ellos \u00abempezaron un ataque sin cuartel contra\u00bb la Polic\u00eda y las instalaciones.<\/p>\n<p style=\"text-align: justify;\"><strong>El Gobierno acusa a manifestantes de atacar el estado de derecho<\/strong><\/p>\n<p style=\"text-align: justify;\">El primer ministro, Alberto Ot\u00e1rola, denunci\u00f3 este lunes que hay en marcha un \u00abataque organizado hacia el estado de derecho y a las instituciones\u00bb y un \u00abgolpe de Estado\u00bb, del que responsabiliz\u00f3 a los manifestantes.<\/p>\n<p style=\"text-align: justify;\">En una declaraci\u00f3n sin preguntas, Ot\u00e1rola afirm\u00f3 que los enfrentamientos en Juliaca fueron \u00abun ataque organizado, sistem\u00e1tico de vandalismo y de organizaciones violentas hacia el estado de derecho y las instituciones\u00bb de la sure\u00f1a regi\u00f3n de Puno.<\/p>\n<p style=\"text-align: justify;\">\u00abComo si estuvieran en un escenario de guerra, han tratado de tomar el aeropuerto\u00bb, manifest\u00f3 tras aseverar que la responsabilidad es de \u00abquienes quieren dar un golpe de Estado\u00bb.<\/p>\n<p><em>) S\u00edguenos en Facebook | @<a href=\"https:\/\/www.facebook.com\/acapulcopress.news\" target=\"_blank\" rel=\"noopener\">AcapulcoPress<\/a><\/em><\/p>\n","protected":false},"excerpt":{"rendered":"<p>LIMA, Per\u00fa * 10 de enero de 2022. ) Efe Al menos 17 manifestantes murieron este lunes en la ciudad peruana de Juliaca (sur) durante las protestas alrededor del aeropuerto de la localidad, adem\u00e1s de un beb\u00e9 que deb\u00eda ser trasladado a un centro m\u00e9dico y no pudo llegar por los bloqueos, lo que eleva&#8230;<\/p>\n","protected":false},"author":2,"featured_media":1249853,"comment_status":"closed","ping_status":"closed","sticky":false,"template":"","format":"standard","meta":{"footnotes":""},"categories":[1969,2020],"tags":[3769,6747,7830,13415,14520,15105],"class_list":["post-1249852","post","type-post","status-publish","format-standard","has-post-thumbnail","hentry","category-trending","category-world-news","tag-america","tag-crisis","tag-eliana-revollar","tag-mundo","tag-peru","tag-protestas"],"_links":{"self":[{"href":"https:\/\/www.acapulcopress.com\/index.php\/wp-json\/wp\/v2\/posts\/1249852","targetHints":{"allow":["GET"]}}],"collection":[{"href":"https:\/\/www.acapulcopress.com\/index.php\/wp-json\/wp\/v2\/posts"}],"about":[{"href":"https:\/\/www.acapulcopress.com\/index.php\/wp-json\/wp\/v2\/types\/post"}],"author":[{"embeddable":true,"href":"https:\/\/www.acapulcopress.com\/index.php\/wp-json\/wp\/v2\/users\/2"}],"replies":[{"embeddable":true,"href":"https:\/\/www.acapulcopress.com\/index.php\/wp-json\/wp\/v2\/comments?post=1249852"}],"version-history":[{"count":0,"href":"https:\/\/www.acapulcopress.com\/index.php\/wp-json\/wp\/v2\/posts\/1249852\/revisions"}],"wp:featuredmedia":[{"embeddable":true,"href":"https:\/\/www.acapulcopress.com\/index.php\/wp-json\/"}],"wp:attachment":[{"href":"https:\/\/www.acapulcopress.com\/index.php\/wp-json\/wp\/v2\/media?parent=1249852"}],"wp:term":[{"taxonomy":"category","embeddable":true,"href":"https:\/\/www.acapulcopress.com\/index.php\/wp-json\/wp\/v2\/categories?post=1249852"},{"taxonomy":"post_tag","embeddable":true,"href":"https:\/\/www.acapulcopress.com\/index.php\/wp-json\/wp\/v2\/tags?post=1249852"}],"curies":[{"name":"wp","href":"https:\/\/api.w.org\/{rel}","templated":true}]}}