{"id":1249858,"date":"2023-01-10T18:52:33","date_gmt":"2023-01-11T00:52:33","guid":{"rendered":"https:\/\/www.acapulcopress.com\/?p=1249858"},"modified":"2023-01-10T18:52:33","modified_gmt":"2023-01-11T00:52:33","slug":"migracion-narcotrafico-centran-cumbre-norteamericana-entre-biden-lopez-y-trudeau","status":"publish","type":"post","link":"https:\/\/www.acapulcopress.com\/index.php\/2023\/01\/10\/migracion-narcotrafico-centran-cumbre-norteamericana-entre-biden-lopez-y-trudeau\/","title":{"rendered":"Migraci\u00f3n, narcotr\u00e1fico centran Cumbre Norteamericana entre Biden, L\u00f3pez y Trudeau"},"content":{"rendered":"<p style=\"text-align: justify;\">CIUDAD DE M\u00c9XICO * 10 de enero de 2022.<br \/>\n<em>) <a href=\"https:\/\/efe.com\/mundo\/migracion-narcotrafico-y-el-asalto-a-brasil-centran-la-previa-a-la-cumbre-norteamericana\/\" target=\"_blank\" rel=\"noopener\">Efe<\/a><\/em><br \/>\nLos presidentes de Estados Unidos, Joe Biden, y de M\u00e9xico, Andr\u00e9s Manuel L\u00f3pez Obrador, y el primer ministro de Canad\u00e1, Justin Trudeau, cenaron juntos esta noche en el Palacio Nacional de M\u00e9xico, como antesala al inicio de la X Cumbre de L\u00edderes de Norteam\u00e9rica.<\/p>\n<p style=\"text-align: justify;\">Temas como el nuevo programa migratorio estadounidense, el combate al tr\u00e1fico de fentanilo, la reforma del mercado energ\u00e9tico y el fallido asalto a la democracia en Brasil centraron una jornada en la que los presidentes Biden y L\u00f3pez Obrador se reunieron con su equipos, mientas Trudeau lo hizo con el Consejo Coordinador Empresarial (CCE) de M\u00e9xico.<\/p>\n<p style=\"text-align: justify;\"><strong>Reuni\u00f3n de Biden y L\u00f3pez Obrador<br \/>\n<\/strong><br \/>\nBiden y L\u00f3pez Obrador \u00abreafirmaron su compromiso para implementar pol\u00edticas innovadoras para frenar la migraci\u00f3n irregular\u00bb.<\/p>\n<p style=\"text-align: justify;\">Discutieron \u00abel reciente anuncio\u00bb sobre inmigraci\u00f3n de Estados Unidos, que prev\u00e9 entregar 30.000 permisos mensuales a venezolanos, cubanos, nicarag\u00fcenses y haitianos, pero <img loading=\"lazy\" decoding=\"async\" class=\"alignleft size-medium wp-image-1249862\" src=\"https:\/\/www.acapulcopress.com\/wp-content\/uploads\/2023\/01\/Lopez-y-Trudeau-375x250.webp\" alt=\"\" width=\"375\" height=\"250\" \/>deportar inmediatamente a M\u00e9xico a aquellos que crucen la frontera de forma irregular.<\/p>\n<p style=\"text-align: justify;\">Los presidentes evaluaron adem\u00e1s estrategias para perseguir a narcotraficantes y cerrar laboratorios donde se produce fentanilo, un sint\u00e9tico causante de buena parte de las muertes por sobredosis en Estados Unidos.<\/p>\n<p style=\"text-align: justify;\">\u00abEl presidente Biden y el presidente L\u00f3pez Obrador hablaron de las protestas violentas de Brasil y reiteraron el apoyo de Estados Unidos y de M\u00e9xico a la voluntad del pueblo brasile\u00f1o y a su democracia\u00bb, dijo la Casa Blanca sobre el asalto del Congreso, la Presidencia y el Tribunal Supremo por parte de ultraderechistas.<\/p>\n<p style=\"text-align: justify;\">Por su parte, Justin Trudeau particip\u00f3 en un encuentro con el Consejo Coordinador Empresarial (CCE) de M\u00e9xico ante el que expres\u00f3 la necesidad de \u201cconstruir una econom\u00eda que funcione para nuestra regi\u00f3n y para las generaciones futuras\u201d.<\/p>\n<p style=\"text-align: justify;\"><strong>Cancilleres firman declaraci\u00f3n para la inclusi\u00f3n e igualdad racial<\/strong><\/p>\n<p style=\"text-align: justify;\">El canciller mexicano Marcelo Ebrard se reuni\u00f3 este lunes con el secretario de Estado de <img loading=\"lazy\" decoding=\"async\" class=\"alignleft size-medium wp-image-1249860\" src=\"https:\/\/www.acapulcopress.com\/wp-content\/uploads\/2023\/01\/Cumbre-EU-Mx-Can-375x249.webp\" alt=\"\" width=\"375\" height=\"249\" \/>Estados Unidos, Antony Blinken, y la ministra de Asuntos Exteriores de Canad\u00e1, M\u00e9lanie Joly, para suscribir la \u00abDeclaraci\u00f3n de la Alianza Norteamericana para la inclusi\u00f3n y la igualdad Racial\u00bb, adem\u00e1s de ofrecer un mensaje trilateral a medios.<\/p>\n<p style=\"text-align: justify;\">Este es nuestro proyecto sobre la diversidad, la igualdad y la inclusi\u00f3n en nuestras sociedades. Todas las personas merecen oportunidades iguales sin importar la religi\u00f3n, el g\u00e9nero o la orientaci\u00f3n sexual\u00bb, dijo Joly durante su intervenci\u00f3n.<\/p>\n<p style=\"text-align: justify;\">Se\u00f1al\u00f3 que como l\u00edderes de Canad\u00e1, Estados Unidos y M\u00e9xico tienen \u00abuna gran responsabilidad para combatir la discriminaci\u00f3n y el odio en todas sus formas, hoy nos comprometimos a ellos al firmar la declaraci\u00f3n\u00bb.<\/p>\n<p style=\"text-align: justify;\">Blinken dijo que cada una de las tres naciones \u00abreconoce la responsabilidad de trabajar con feroz urgencia en estos temas para derribar estar barreras y acabar con los prejuicios\u00bb.<\/p>\n<p style=\"text-align: justify;\">Dijo que \u00abes importante la voluntad de los tres pa\u00edses en reconocer que todav\u00eda hay mucho trabajo por hacer para erradicar la discriminaci\u00f3n y la iniquidad en cada uno de nuestros pa\u00edses, lo cual demuestra que estamos pedir lo mismo de nosotros que de otros pa\u00edses\u00bb.<\/p>\n<p style=\"text-align: justify;\"><strong>Jill Biden y Guti\u00e9rrez M\u00fcller encabezan evento cultural alterno<\/strong><\/p>\n<p style=\"text-align: justify;\">La primera dama de Estados Unidos, Jill Biden, y Beatriz Guti\u00e9rrez M\u00fcller, escritora, <img loading=\"lazy\" decoding=\"async\" class=\"alignleft size-medium wp-image-1249861\" src=\"https:\/\/www.acapulcopress.com\/wp-content\/uploads\/2023\/01\/jill-baiden-375x250.webp\" alt=\"\" width=\"375\" height=\"250\" \/>acad\u00e9mica y esposa del presidente de M\u00e9xico, Andr\u00e9s Manuel L\u00f3pez Obrador, encabezaron este lunes un evento cultural alterno a la Cumbre.<\/p>\n<p style=\"text-align: justify;\">El evento, un \u00abFandango por la Lectura\u00bb, programa cultural impulsado por Guti\u00e9rrez M\u00fcller y dirigido a la promoci\u00f3n de la lectura entre la ni\u00f1ez y juventud mexicana, se llev\u00f3 a cabo en el Sal\u00f3n Tesorer\u00eda del Palacio Nacional.<\/p>\n<p style=\"text-align: justify;\">\u00abEs un honor estar aqu\u00ed esta tarde. Nuestra amistad ha crecido y ha surgido de ese amor que nosotros compartimos (por la historia de nuestros pa\u00edses). Ayer cuando vi a Beatriz fue como reunirme con una vieja amiga, gracias por hacer esta visita a Ciudad de M\u00e9xico algo especial\u00bb, dijo Biden en su discurso.<\/p>\n<p style=\"text-align: justify;\">Destac\u00f3 que \u00abel arte es algo poderoso, la poes\u00eda, la danza y la m\u00fasica nos pueden unir en tiempo y espacio y a trav\u00e9s de las fronteras y nos muestran que nuestras diferencias son algo que debemos preciar y nuestras similitudes son infinitas\u00bb.<\/p>\n<p style=\"text-align: justify;\">Adem\u00e1s, Jill Biden particip\u00f3 en una parte de la lectura en la que tambi\u00e9n intervino la primera dama mexicana.<\/p>\n<p style=\"text-align: justify;\"><em>) S\u00edguenos en Facebook | @<a href=\"https:\/\/www.facebook.com\/acapulcopress.news\" target=\"_blank\" rel=\"noopener\">AcapulcoPress<\/a><\/em><\/p>\n","protected":false},"excerpt":{"rendered":"<p>CIUDAD DE M\u00c9XICO * 10 de enero de 2022. ) Efe Los presidentes de Estados Unidos, Joe Biden, y de M\u00e9xico, Andr\u00e9s Manuel L\u00f3pez Obrador, y el primer ministro de Canad\u00e1, Justin Trudeau, cenaron juntos esta noche en el Palacio Nacional de M\u00e9xico, como antesala al inicio de la X Cumbre de L\u00edderes de Norteam\u00e9rica&#8230;.<\/p>\n","protected":false},"author":2,"featured_media":1249859,"comment_status":"closed","ping_status":"closed","sticky":false,"template":"","format":"standard","meta":{"footnotes":""},"categories":[1969,1972,2020],"tags":[3896,10820,11374,18101],"class_list":["post-1249858","post","type-post","status-publish","format-standard","has-post-thumbnail","hentry","category-trending","category-special","category-world-news","tag-andres-manuel-lopez-obrador","tag-joe-biden","tag-justin-trudeau","tag-x-cumbre-de-lideres-de-norteamerica"],"_links":{"self":[{"href":"https:\/\/www.acapulcopress.com\/index.php\/wp-json\/wp\/v2\/posts\/1249858","targetHints":{"allow":["GET"]}}],"collection":[{"href":"https:\/\/www.acapulcopress.com\/index.php\/wp-json\/wp\/v2\/posts"}],"about":[{"href":"https:\/\/www.acapulcopress.com\/index.php\/wp-json\/wp\/v2\/types\/post"}],"author":[{"embeddable":true,"href":"https:\/\/www.acapulcopress.com\/index.php\/wp-json\/wp\/v2\/users\/2"}],"replies":[{"embeddable":true,"href":"https:\/\/www.acapulcopress.com\/index.php\/wp-json\/wp\/v2\/comments?post=1249858"}],"version-history":[{"count":0,"href":"https:\/\/www.acapulcopress.com\/index.php\/wp-json\/wp\/v2\/posts\/1249858\/revisions"}],"wp:featuredmedia":[{"embeddable":true,"href":"https:\/\/www.acapulcopress.com\/index.php\/wp-json\/"}],"wp:attachment":[{"href":"https:\/\/www.acapulcopress.com\/index.php\/wp-json\/wp\/v2\/media?parent=1249858"}],"wp:term":[{"taxonomy":"category","embeddable":true,"href":"https:\/\/www.acapulcopress.com\/index.php\/wp-json\/wp\/v2\/categories?post=1249858"},{"taxonomy":"post_tag","embeddable":true,"href":"https:\/\/www.acapulcopress.com\/index.php\/wp-json\/wp\/v2\/tags?post=1249858"}],"curies":[{"name":"wp","href":"https:\/\/api.w.org\/{rel}","templated":true}]}}