{"id":1249868,"date":"2023-01-10T19:09:55","date_gmt":"2023-01-11T01:09:55","guid":{"rendered":"https:\/\/www.acapulcopress.com\/?p=1249868"},"modified":"2023-01-10T19:09:55","modified_gmt":"2023-01-11T01:09:55","slug":"obispo-de-nicaragua-a-juicio-por-conspiracion-y-propagacion-de-noticias-falsas","status":"publish","type":"post","link":"https:\/\/www.acapulcopress.com\/index.php\/2023\/01\/10\/obispo-de-nicaragua-a-juicio-por-conspiracion-y-propagacion-de-noticias-falsas\/","title":{"rendered":"Obispo de Nicaragua a juicio por \u201cconspiraci\u00f3n\u201d y \u201cpropagaci\u00f3n de noticias falsas\u201d"},"content":{"rendered":"<p style=\"text-align: justify;\">CIUDAD DE M\u00c9XICO * 10 de enero de 2022.<br \/>\n<em>) <a href=\"https:\/\/apnews.com\/article\/noticias-8685bf3e1366dc4e9ed65d96454da8ea\" target=\"_blank\" rel=\"noopener\">AP<\/a><\/em><br \/>\nLas autoridades judiciales de Nicaragua abrieron juicio el martes contra el obispo cat\u00f3lico de Matagalpa (norte), monse\u00f1or Rolando Jos\u00e9 \u00c1lvarez Lagos, un f\u00e9rreo cr\u00edtico del gobierno de Daniel Ortega, por los supuestos delitos de \u201cconspiraci\u00f3n\u201d y \u201cpropagaci\u00f3n de noticias falsas\u201d.<\/p>\n<p style=\"text-align: justify;\">En una nota publicada en el portal oficial El 19 Digital, el gobierno inform\u00f3 que se realiz\u00f3 la audiencia inicial del caso, publicando una fotograf\u00eda del obispo vestido de civil, sentado en una sala de los juzgados de Distrito Penal de Audiencia de Managua, en compa\u00f1\u00eda de otras personas.<\/p>\n<p style=\"text-align: justify;\">Sin mencionar su condici\u00f3n de obispo, el informe del gobierno mencion\u00f3 que \u201cRolando Jos\u00e9 \u00c1lvarez Lagos (compareci\u00f3) en su calidad de acusado\u201d por los delitos de \u201cconspiraci\u00f3n para cometer menoscabo a la integridad nacional y propagaci\u00f3n de noticias falsas\u201d en perjuicio \u201cdel Estado y la sociedad nicarag\u00fcenses\u201d.<\/p>\n<p style=\"text-align: justify;\">Indic\u00f3 que la autoridad judicial mantuvo el arresto domiciliario dictado el pasado 13 de diciembre, admiti\u00f3 el intercambio de informaci\u00f3n de pruebas y remiti\u00f3 la causa a juicio.<\/p>\n<p style=\"text-align: justify;\">Monse\u00f1or Rolando \u00c1lvarez, de 56 a\u00f1os, es el primer obispo cat\u00f3lico de Nicaragua en ser acusado por delitos graves y sometido a un juicio penal. Es el m\u00e1s cr\u00edtico de los obispos nicarag\u00fcenses que a\u00fan permanecen en Nicaragua. Permanece detenido hace 145 d\u00edas en un domicilio de su familia en Managua y bajo estricta vigilancia policial.<\/p>\n<p style=\"text-align: justify;\">Las autoridades tambi\u00e9n confirmaron su solicitud a la Interpol para la captura del sacerdote Uriel Vallejos, p\u00e1rroco de la norte\u00f1a localidad de S\u00e9baco, adscrita a la Di\u00f3cesis de Matagalpa que dirige el obispo \u00c1lvarez y cuyo caso figura en la misma causa penal. Vallejos se encuentra exiliado en Costa Rica desde hace varios meses.<\/p>\n<p style=\"text-align: justify;\">Tras las protestas sociales de 2018, que fueron reprimidas con violencia por polic\u00edas y paramilitares sandinistas, \u00c1lvarez alz\u00f3 su voz para criticar al gobierno y demandar la libertad de los opositores presos, que actualmente suman m\u00e1s de 230 seg\u00fan la oposici\u00f3n.<\/p>\n<p style=\"text-align: justify;\">Ortega acus\u00f3 entonces a los obispos de la Iglesia cat\u00f3lica de apoyar \u201cun fallido golpe de Estado\u201d en su contra, auspiciado seg\u00fan \u00e9l por \u201cel imperio estadounidense\u201d.<\/p>\n<p style=\"text-align: justify;\">Luego de varias denuncias de \u201cpersecuci\u00f3n policial\u201d en su contra, monse\u00f1or \u00c1lvarez fue sitiado por la polic\u00eda durante dos semanas en su Di\u00f3cesis de Matagalpa, a 130 kil\u00f3metros al norte de la capital. La polic\u00eda anunci\u00f3 que lo investigaba por \u201corganizar grupos violentos\u201d.<\/p>\n<p style=\"text-align: justify;\">A la retenci\u00f3n del 19 de agosto pasado del obispo, se sum\u00f3 la de otros siete sacerdotes, di\u00e1conos y periodistas que lo acompa\u00f1aron en la di\u00f3cesis. Fueron igualmente acusados penalmente.<\/p>\n<p style=\"text-align: justify;\">El 13 diciembre, la jueza del D\u00e9cimo Distrito Penal de Audiencia de Managua, Gloria Saavedra, admiti\u00f3 la acusaci\u00f3n del fiscal Manuel Rugama contra el obispo por supuesta \u201cconspiraci\u00f3n para cometer menoscabo a la integridad nacional\u201d y \u201cpropagaci\u00f3n de noticias falsas\u201d. Le nombr\u00f3 un defensor de oficio y le decret\u00f3 arresto domiciliario.<\/p>\n<p style=\"text-align: justify;\">La noche del lunes, hablando en el inicio de la nueva legislatura parlamentaria, Ortega arremeti\u00f3 contra los opositores presos, a quienes acus\u00f3 de ser \u201cterroristas\u201d y los compar\u00f3 con los bolsonaristas que atacaron diversas sedes p\u00fablicas en Brasil el pasado domingo.<\/p>\n<p style=\"text-align: justify;\">Dijo que la oposici\u00f3n en Nicaragua trat\u00f3 de organizar \u201cun sangriento golpe de Estado\u201d con ayuda \u201cdel imperio\u201d y agreg\u00f3 que \u201cni conden\u00e1ndolos a pena perpetua pueden saldar el da\u00f1o que le produjeron a Nicaragua\u201d.<\/p>\n<p style=\"text-align: justify;\">La revuelta social de 2018 gener\u00f3 una grave crisis pol\u00edtica en Nicaragua, despu\u00e9s de que la represi\u00f3n dej\u00f3 al menos 355 muertos, unos 2.000 heridos y m\u00e1s de 100.000 exiliados, seg\u00fan la Comisi\u00f3n Interamericana de Derechos Humanos (CIDH).<\/p>\n<p><em>) S\u00edguenos en Facebook | @<a href=\"https:\/\/www.facebook.com\/acapulcopress.news\" target=\"_blank\" rel=\"noopener\">AcapulcoPress<\/a><\/em><\/p>\n","protected":false},"excerpt":{"rendered":"<p>CIUDAD DE M\u00c9XICO * 10 de enero de 2022. ) AP Las autoridades judiciales de Nicaragua abrieron juicio el martes contra el obispo cat\u00f3lico de Matagalpa (norte), monse\u00f1or Rolando Jos\u00e9 \u00c1lvarez Lagos, un f\u00e9rreo cr\u00edtico del gobierno de Daniel Ortega, por los supuestos delitos de \u201cconspiraci\u00f3n\u201d y \u201cpropagaci\u00f3n de noticias falsas\u201d. En una nota publicada&#8230;<\/p>\n","protected":false},"author":2,"featured_media":1249869,"comment_status":"closed","ping_status":"closed","sticky":false,"template":"","format":"standard","meta":{"footnotes":""},"categories":[1969,2020],"tags":[6161,6929,10383,15768],"class_list":["post-1249868","post","type-post","status-publish","format-standard","has-post-thumbnail","hentry","category-trending","category-world-news","tag-comision-interamericana-de-derechos-humanos-cidh","tag-daniel-ortega","tag-interpol","tag-rolando-jose-alvarez-lagos"],"_links":{"self":[{"href":"https:\/\/www.acapulcopress.com\/index.php\/wp-json\/wp\/v2\/posts\/1249868","targetHints":{"allow":["GET"]}}],"collection":[{"href":"https:\/\/www.acapulcopress.com\/index.php\/wp-json\/wp\/v2\/posts"}],"about":[{"href":"https:\/\/www.acapulcopress.com\/index.php\/wp-json\/wp\/v2\/types\/post"}],"author":[{"embeddable":true,"href":"https:\/\/www.acapulcopress.com\/index.php\/wp-json\/wp\/v2\/users\/2"}],"replies":[{"embeddable":true,"href":"https:\/\/www.acapulcopress.com\/index.php\/wp-json\/wp\/v2\/comments?post=1249868"}],"version-history":[{"count":0,"href":"https:\/\/www.acapulcopress.com\/index.php\/wp-json\/wp\/v2\/posts\/1249868\/revisions"}],"wp:featuredmedia":[{"embeddable":true,"href":"https:\/\/www.acapulcopress.com\/index.php\/wp-json\/"}],"wp:attachment":[{"href":"https:\/\/www.acapulcopress.com\/index.php\/wp-json\/wp\/v2\/media?parent=1249868"}],"wp:term":[{"taxonomy":"category","embeddable":true,"href":"https:\/\/www.acapulcopress.com\/index.php\/wp-json\/wp\/v2\/categories?post=1249868"},{"taxonomy":"post_tag","embeddable":true,"href":"https:\/\/www.acapulcopress.com\/index.php\/wp-json\/wp\/v2\/tags?post=1249868"}],"curies":[{"name":"wp","href":"https:\/\/api.w.org\/{rel}","templated":true}]}}