{"id":1249871,"date":"2023-01-10T19:28:09","date_gmt":"2023-01-11T01:28:09","guid":{"rendered":"https:\/\/www.acapulcopress.com\/?p=1249871"},"modified":"2023-01-10T19:28:09","modified_gmt":"2023-01-11T01:28:09","slug":"secretario-de-educacion-preside-reinicio-de-clases-en-guerrero","status":"publish","type":"post","link":"https:\/\/www.acapulcopress.com\/index.php\/2023\/01\/10\/secretario-de-educacion-preside-reinicio-de-clases-en-guerrero\/","title":{"rendered":"Secretario de Educaci\u00f3n preside reinicio de clases en Guerrero"},"content":{"rendered":"<p style=\"text-align: justify;\">CHILPANCINGO * 10 de enero de 2022.<br \/>\n<em>) SEG<\/em><br \/>\n<img loading=\"lazy\" decoding=\"async\" class=\"alignleft size-medium wp-image-1249865\" src=\"https:\/\/www.acapulcopress.com\/wp-content\/uploads\/2023\/01\/MarciasSEG3-375x366.jpg\" alt=\"\" width=\"375\" height=\"366\" \/>El secretario de Educaci\u00f3n en Guerrero, Marcial Rodr\u00edguez Salda\u00f1a, asisti\u00f3 al reinicio de clases de la escuela secundaria general \u201cJos\u00e9 Agust\u00edn Ram\u00edrez\u201d, quien en compa\u00f1\u00eda del director de la instituci\u00f3n, R\u00f3mulo Gallegos Mart\u00ednez, hicieron un recorrido para saludar a alumnos, maestros y personal administrativo.<\/p>\n<p style=\"text-align: justify;\">El responsable de la educaci\u00f3n en el Estado les transmiti\u00f3 el saludo de parte de la gobernadora, Evelyn Salgado Pineda, tambi\u00e9n hizo entrega de material desinfectante, de limpieza, de oficina, c\u00edvico y deportivo, tal y como lo instruy\u00f3 la titular del Ejecutivo en la entidad; Rodr\u00edguez Salda\u00f1a les dese\u00f3 el mayor de los \u00e9xitos a estudiantes y docentes para este reinicio de clases y los invit\u00f3 a elevar los indicadores educativos en Guerrero.<\/p>\n<p><img loading=\"lazy\" decoding=\"async\" class=\"wp-image-1249864 size-large aligncenter\" src=\"https:\/\/www.acapulcopress.com\/wp-content\/uploads\/2023\/01\/MarciasSEG2-840x726.jpg\" alt=\"\" width=\"696\" height=\"602\" \/><\/p>\n<p style=\"text-align: justify;\"><em>) S\u00edguenos en Facebook | @<a href=\"https:\/\/www.facebook.com\/acapulcopress.news\" target=\"_blank\" rel=\"noopener\">AcapulcoPress<\/a><\/em><\/p>\n","protected":false},"excerpt":{"rendered":"<p>CHILPANCINGO * 10 de enero de 2022. ) SEG El secretario de Educaci\u00f3n en Guerrero, Marcial Rodr\u00edguez Salda\u00f1a, asisti\u00f3 al reinicio de clases de la escuela secundaria general \u201cJos\u00e9 Agust\u00edn Ram\u00edrez\u201d, quien en compa\u00f1\u00eda del director de la instituci\u00f3n, R\u00f3mulo Gallegos Mart\u00ednez, hicieron un recorrido para saludar a alumnos, maestros y personal administrativo. El responsable&#8230;<\/p>\n","protected":false},"author":2,"featured_media":1249863,"comment_status":"closed","ping_status":"closed","sticky":false,"template":"","format":"standard","meta":{"footnotes":""},"categories":[18561,2081],"tags":[12457,16362],"class_list":["post-1249871","post","type-post","status-publish","format-standard","has-post-thumbnail","hentry","category-society-politics","category-seg","tag-marcial-rodriguez-saldana","tag-seg"],"_links":{"self":[{"href":"https:\/\/www.acapulcopress.com\/index.php\/wp-json\/wp\/v2\/posts\/1249871","targetHints":{"allow":["GET"]}}],"collection":[{"href":"https:\/\/www.acapulcopress.com\/index.php\/wp-json\/wp\/v2\/posts"}],"about":[{"href":"https:\/\/www.acapulcopress.com\/index.php\/wp-json\/wp\/v2\/types\/post"}],"author":[{"embeddable":true,"href":"https:\/\/www.acapulcopress.com\/index.php\/wp-json\/wp\/v2\/users\/2"}],"replies":[{"embeddable":true,"href":"https:\/\/www.acapulcopress.com\/index.php\/wp-json\/wp\/v2\/comments?post=1249871"}],"version-history":[{"count":0,"href":"https:\/\/www.acapulcopress.com\/index.php\/wp-json\/wp\/v2\/posts\/1249871\/revisions"}],"wp:featuredmedia":[{"embeddable":true,"href":"https:\/\/www.acapulcopress.com\/index.php\/wp-json\/"}],"wp:attachment":[{"href":"https:\/\/www.acapulcopress.com\/index.php\/wp-json\/wp\/v2\/media?parent=1249871"}],"wp:term":[{"taxonomy":"category","embeddable":true,"href":"https:\/\/www.acapulcopress.com\/index.php\/wp-json\/wp\/v2\/categories?post=1249871"},{"taxonomy":"post_tag","embeddable":true,"href":"https:\/\/www.acapulcopress.com\/index.php\/wp-json\/wp\/v2\/tags?post=1249871"}],"curies":[{"name":"wp","href":"https:\/\/api.w.org\/{rel}","templated":true}]}}