{"id":1249881,"date":"2023-01-10T20:31:58","date_gmt":"2023-01-11T02:31:58","guid":{"rendered":"https:\/\/www.acapulcopress.com\/?p=1249881"},"modified":"2023-01-10T20:31:58","modified_gmt":"2023-01-11T02:31:58","slug":"trabaja-guerrero-por-una-salud-digna-y-gratuita-informa-evelyn-salgado","status":"publish","type":"post","link":"https:\/\/www.acapulcopress.com\/index.php\/2023\/01\/10\/trabaja-guerrero-por-una-salud-digna-y-gratuita-informa-evelyn-salgado\/","title":{"rendered":"Trabaja Guerrero por una salud digna y gratuita, informa Evelyn Salgado"},"content":{"rendered":"<p style=\"text-align: justify;\">CHILPANCINGO * 10 de enero de 2022.<br \/>\n<em>) Gobierno de Guerrero<\/em><br \/>\nPara continuar con la transformaci\u00f3n de los servicios m\u00e9dicos en Guerrero, la gobernadora Evelyn Salgado Pineda, sostuvo una reuni\u00f3n de trabajo con la secretaria de Salud del estado, Aide Ibarez Castro, y funcionarios de esta dependencia para avanzar en la ruta de garantizar el derecho a la salud en todas las regiones de la entidad, de manera digna y gratuita, con calidad y calidez, para la poblaci\u00f3n que m\u00e1s lo necesita.<\/p>\n<p style=\"text-align: justify;\">En la reuni\u00f3n estuvieron presentes el subsecretario de Prevenci\u00f3n y Control de Enfermedades, Jes\u00fas Ulises Adame Reyna, el subsecretario de Finanzas, Humberto Soto L\u00f3pez y el subsecretario de Planeaci\u00f3n, Roberto N\u00fa\u00f1ez, as\u00ed como los titulares de la Secretar\u00eda general de Gobierno del Estado de Guerrero, Ludwig Marcial Reynoso N\u00fa\u00f1ez; de la Secretar\u00eda de Planeaci\u00f3n y Desarrollo Regional de Guerrero, Ren\u00e9 Vargas Pineda; el Jefe de Oficina de la C. Gobernadora, Jes\u00fas Uri\u00f3stegui Garc\u00eda y el Secretario T\u00e9cnico, Pablo Gordillo,\u00a0entre\u00a0otros.<\/p>\n<p style=\"text-align: justify;\"><em>) S\u00edguenos en Facebook | @<a href=\"https:\/\/www.facebook.com\/acapulcopress.news\" target=\"_blank\" rel=\"noopener\">AcapulcoPress<\/a><\/em><\/p>\n","protected":false},"excerpt":{"rendered":"<p>CHILPANCINGO * 10 de enero de 2022. ) Gobierno de Guerrero Para continuar con la transformaci\u00f3n de los servicios m\u00e9dicos en Guerrero, la gobernadora Evelyn Salgado Pineda, sostuvo una reuni\u00f3n de trabajo con la secretaria de Salud del estado, Aide Ibarez Castro, y funcionarios de esta dependencia para avanzar en la ruta de garantizar el&#8230;<\/p>\n","protected":false},"author":2,"featured_media":1249882,"comment_status":"closed","ping_status":"closed","sticky":false,"template":"","format":"standard","meta":{"footnotes":""},"categories":[1972,1983,18561],"tags":[8251,9302],"class_list":["post-1249881","post","type-post","status-publish","format-standard","has-post-thumbnail","hentry","category-special","category-guerrerogob","category-society-politics","tag-evelyn-salgado-pineda","tag-gobierno-de-guerrero"],"_links":{"self":[{"href":"https:\/\/www.acapulcopress.com\/index.php\/wp-json\/wp\/v2\/posts\/1249881","targetHints":{"allow":["GET"]}}],"collection":[{"href":"https:\/\/www.acapulcopress.com\/index.php\/wp-json\/wp\/v2\/posts"}],"about":[{"href":"https:\/\/www.acapulcopress.com\/index.php\/wp-json\/wp\/v2\/types\/post"}],"author":[{"embeddable":true,"href":"https:\/\/www.acapulcopress.com\/index.php\/wp-json\/wp\/v2\/users\/2"}],"replies":[{"embeddable":true,"href":"https:\/\/www.acapulcopress.com\/index.php\/wp-json\/wp\/v2\/comments?post=1249881"}],"version-history":[{"count":0,"href":"https:\/\/www.acapulcopress.com\/index.php\/wp-json\/wp\/v2\/posts\/1249881\/revisions"}],"wp:featuredmedia":[{"embeddable":true,"href":"https:\/\/www.acapulcopress.com\/index.php\/wp-json\/"}],"wp:attachment":[{"href":"https:\/\/www.acapulcopress.com\/index.php\/wp-json\/wp\/v2\/media?parent=1249881"}],"wp:term":[{"taxonomy":"category","embeddable":true,"href":"https:\/\/www.acapulcopress.com\/index.php\/wp-json\/wp\/v2\/categories?post=1249881"},{"taxonomy":"post_tag","embeddable":true,"href":"https:\/\/www.acapulcopress.com\/index.php\/wp-json\/wp\/v2\/tags?post=1249881"}],"curies":[{"name":"wp","href":"https:\/\/api.w.org\/{rel}","templated":true}]}}