{"id":1249884,"date":"2023-01-10T20:57:23","date_gmt":"2023-01-11T02:57:23","guid":{"rendered":"https:\/\/www.acapulcopress.com\/?p=1249884"},"modified":"2023-01-10T20:57:23","modified_gmt":"2023-01-11T02:57:23","slug":"se-apunta-el-cuau-para-2024-pero-si-amlo-autoriza","status":"publish","type":"post","link":"https:\/\/www.acapulcopress.com\/index.php\/2023\/01\/10\/se-apunta-el-cuau-para-2024-pero-si-amlo-autoriza\/","title":{"rendered":"Se apunta el &#8216;Cuau&#8217; para 2024, si AMLO autoriza"},"content":{"rendered":"<p style=\"text-align: justify;\">CUERNAVACA, Morelos * 10 de enero de 2022.<br \/>\n<em>) <a href=\"https:\/\/www.proceso.com.mx\/nacional\/2023\/1\/10\/si-quiero-ser-candidato-en-2024-pero-con-autorizacion-de-amlo-admite-cuauhtemoc-blanco-300076.html\" target=\"_blank\" rel=\"noopener\">Apro<\/a><\/em><br \/>\nEl gobernador de Morelos, Cuauht\u00e9moc Blanco Bravo, admiti\u00f3 que s\u00ed quiere participar en la elecci\u00f3n del 2024 y competir por un cargo que no precis\u00f3 en entrevista con los medios de comunicaci\u00f3n, aunque primero, dijo, debe \u201cpedir autorizaci\u00f3n\u201d al presidente Andr\u00e9s Manuel L\u00f3pez Obrador.<\/p>\n<p style=\"text-align: justify;\">El exfutbolista asegur\u00f3 que \u00e9l no es como \u201cotros pol\u00edticos que buscan un hueso y luego otro hueso y otro. Yo no soy hambreado, como decimos en el futbol, si me dan autorizaci\u00f3n, pues voy, y si no, pues me regreso al futbol\u201d, sostuvo luego de un evento de arranque de jornadas para prevenir el delito en la entidad.<\/p>\n<p style=\"text-align: justify;\">Asegur\u00f3 que se reuni\u00f3 con el presidente el a\u00f1o pasado, pero no pudo comentarle de su aspiraci\u00f3n, aunque adelant\u00f3 que lo har\u00e1 pronto.<\/p>\n<p style=\"text-align: justify;\">\u201cEspero tener otra reuni\u00f3n con \u00e9l (L\u00f3pez Obrador) y pedirle que me d\u00e9 la oportunidad. S\u00ed me gustar\u00eda, pero no me voy a casar con la idea. Si se puede s\u00ed, si no, pues ni hablar\u201d, dijo.<\/p>\n<p style=\"text-align: justify;\">Al ser cuestionado respecto al cargo o responsabilidad que estar\u00eda buscando se neg\u00f3 a confirmar si ser\u00eda para competir para ser senador, alcalde, diputado u otro.<\/p>\n<p style=\"text-align: justify;\">\u201cNo te lo puedo decir, no te lo puedo decir todav\u00eda\u201d, respondi\u00f3.<\/p>\n<p style=\"text-align: justify;\">En todo caso, dijo que tambi\u00e9n le encantar\u00eda, en su momento, \u201cser entrenador de alg\u00fan equipo de aqu\u00ed de M\u00e9xico; me encantar\u00eda dirigir en el extranjero, incluso dirigir a la selecci\u00f3n mexicana\u201d.<\/p>\n<p style=\"text-align: justify;\">En relaci\u00f3n con la carrera presidencial y las \u201ccorcholatas\u201d, dese\u00f3 que \u201cgane el mejor, primero est\u00e1 la encuesta, nosotros no vamos a apoyar ni a (Marcelo) Ebrard, ni a Claudia (Sheinbaum), ni a Ad\u00e1n Augusto (L\u00f3pez), hasta que ya se sepa qui\u00e9n gan\u00f3 la encuesta, ah\u00ed s\u00ed, con todo\u201d, sostuvo en entrevista con los medios de comunicaci\u00f3n.<\/p>\n<p style=\"text-align: justify;\">En tanto, inform\u00f3 que desde los primeros d\u00edas de este 2023 el Ejecutivo estatal entabl\u00f3 una controversia constitucional contra el Congreso de Morelos, mismo que aprob\u00f3 en diciembre pasado el presupuesto de este a\u00f1o con fuertes ajustes en distintos rubros, adem\u00e1s de que le quit\u00f3 la posibilidad al gobernador de redireccionar recursos de forma discrecional.<\/p>\n<p style=\"text-align: justify;\">Con el argumento de que el presupuesto \u201cno es equitativo\u201d, pues dej\u00f3 fuera a casi la mitad de los municipios de recibir recursos \u201cjustos\u201d, el mandatario present\u00f3 el recurso y dijo que est\u00e1 a la espera de la decisi\u00f3n de la Suprema Corte de Justicia la Naci\u00f3n. Dijo no tener miedo de ser sometido, en su momento, a un juicio pol\u00edtico por parte de un Congreso local que no controla.<\/p>\n<p style=\"text-align: justify;\"><em>) S\u00edguenos en Facebook | @<a href=\"https:\/\/www.facebook.com\/acapulcopress.news\" target=\"_blank\" rel=\"noopener\">AcapulcoPress<\/a><\/em><\/p>\n","protected":false},"excerpt":{"rendered":"<p>CUERNAVACA, Morelos * 10 de enero de 2022. ) Apro El gobernador de Morelos, Cuauht\u00e9moc Blanco Bravo, admiti\u00f3 que s\u00ed quiere participar en la elecci\u00f3n del 2024 y competir por un cargo que no precis\u00f3 en entrevista con los medios de comunicaci\u00f3n, aunque primero, dijo, debe \u201cpedir autorizaci\u00f3n\u201d al presidente Andr\u00e9s Manuel L\u00f3pez Obrador. El&#8230;<\/p>\n","protected":false},"author":2,"featured_media":1249885,"comment_status":"closed","ping_status":"closed","sticky":false,"template":"","format":"standard","meta":{"footnotes":""},"categories":[1997],"tags":[2835,3793,6817,9313,13297],"class_list":["post-1249884","post","type-post","status-publish","format-standard","has-post-thumbnail","hentry","category-noticias-destacadas","tag-presidenciables2024","tag-amlo","tag-cuauhtemoc-blanco-bravo","tag-gobierno-de-morelos","tag-morena"],"_links":{"self":[{"href":"https:\/\/www.acapulcopress.com\/index.php\/wp-json\/wp\/v2\/posts\/1249884","targetHints":{"allow":["GET"]}}],"collection":[{"href":"https:\/\/www.acapulcopress.com\/index.php\/wp-json\/wp\/v2\/posts"}],"about":[{"href":"https:\/\/www.acapulcopress.com\/index.php\/wp-json\/wp\/v2\/types\/post"}],"author":[{"embeddable":true,"href":"https:\/\/www.acapulcopress.com\/index.php\/wp-json\/wp\/v2\/users\/2"}],"replies":[{"embeddable":true,"href":"https:\/\/www.acapulcopress.com\/index.php\/wp-json\/wp\/v2\/comments?post=1249884"}],"version-history":[{"count":0,"href":"https:\/\/www.acapulcopress.com\/index.php\/wp-json\/wp\/v2\/posts\/1249884\/revisions"}],"wp:featuredmedia":[{"embeddable":true,"href":"https:\/\/www.acapulcopress.com\/index.php\/wp-json\/"}],"wp:attachment":[{"href":"https:\/\/www.acapulcopress.com\/index.php\/wp-json\/wp\/v2\/media?parent=1249884"}],"wp:term":[{"taxonomy":"category","embeddable":true,"href":"https:\/\/www.acapulcopress.com\/index.php\/wp-json\/wp\/v2\/categories?post=1249884"},{"taxonomy":"post_tag","embeddable":true,"href":"https:\/\/www.acapulcopress.com\/index.php\/wp-json\/wp\/v2\/tags?post=1249884"}],"curies":[{"name":"wp","href":"https:\/\/api.w.org\/{rel}","templated":true}]}}