{"id":1249889,"date":"2023-01-11T17:49:32","date_gmt":"2023-01-11T23:49:32","guid":{"rendered":"https:\/\/www.acapulcopress.com\/?p=1249889"},"modified":"2023-01-11T17:49:32","modified_gmt":"2023-01-11T23:49:32","slug":"evelyn-la-recuperacion-de-guerrero","status":"publish","type":"post","link":"https:\/\/www.acapulcopress.com\/index.php\/2023\/01\/11\/evelyn-la-recuperacion-de-guerrero\/","title":{"rendered":"Evelyn | La recuperaci\u00f3n de Guerrero\u00a0"},"content":{"rendered":"<p style=\"text-align: justify;\"><em>Tercera V\u00eda<\/em><br \/>\n\u00bb <strong>ERNESTO<\/strong> | <strong>RIVERA RODR\u00cdGUEZ<\/strong><br \/>\n<em>) Facebook @<a href=\"https:\/\/www.facebook.com\/profile.php?id=100029214670744\" target=\"_blank\" rel=\"noopener\">Ernesto Rivera<\/a><\/em><\/p>\n<p style=\"text-align: justify;\">Tres a\u00f1os despu\u00e9s del inicio de la pandemia y a\u00fan con la amenaza de la sexta ola del Sarc2-Covid19, a uno del arranque del gobierno de Evelyn, Guerrero parece haber dado un fuerte respiro, un firme aliento, un paso firme hacia la transformaci\u00f3n, bajo la \u00e9gida de la gobernadora Evelyn Cesia Salgado Pineda, lapso este primer a\u00f1o donde\u00a0 No a sido f\u00e1cil, y m\u00e1s recordando la vieja frase de que \u00absin seguridad No hay desarrollo\u00bb, que hecha por los suelos la toxicidad oficial del: \u00ababrazos y besos\u00bb, como qued\u00f3 visto en el operativo de recaptura en Culiacan, Sinaloa, de Ovidio Guzm\u00e1n.<\/p>\n<p style=\"text-align: justify;\">No podemos apartarnos del sustrato nacional que hoy en los hechos definitivamente marca la aplicaci\u00f3n de otras estrategias, ya que en Guerrero est\u00e1 pendiente, entre otras,\u00a0 la detenci\u00f3n del Pez y la Fresa, ambos jefes del c\u00e1rtel de la Familia Michoacana, que han convertido a la Tierra Caliente en su zona de operaci\u00f3n a sangre y fuego, y s\u00f3lo para tener presente la masacre en San Miguel Totolapan y El Durazno.<\/p>\n<p style=\"text-align: justify;\">Evelyn a expresado que no comparte la recomendaci\u00f3n del gobierno de Canad\u00e1, qui\u00e9n ha recomendado a sus ciudadanos No visitar Guerrero, debe no s\u00f3lo mencionar la postura de su gobierno, y s\u00ed mostrar con hechos lo contrario, que de hecho existen.<\/p>\n<p style=\"text-align: justify;\">\u00a0Si bien el periodo de fin de a\u00f1o 22-023 fue de un gran aliento, m\u00e1s all\u00e1 de los principales destinos tur\u00edsticos de Guerrero, a donde los turistas venidos de muy diferentes estados de la Rep\u00fablica, ha abierto novedosos destinos de nuevo cu\u00f1o para el turismo nacional e internacional d\u00e1ndole a la llamada Tierra del Sol mayores espacios de atracci\u00f3n l\u00fadica, no cabe duda que fue un remanso de sosiego en un mar de incertidumbres que la han puesto a prueba sus capacidades, talento y autoridad para su gobierno.<\/p>\n<p style=\"text-align: justify;\">Gobernanza y gobernabilidad, dos instrumentos que deben llevarse con determinaci\u00f3n y fortaleza que Evelyn a mostrado sin titubeos su capacidad de generar de ambos principios en la administraci\u00f3n p\u00fablica sus principales armas de gobierno,\u00a0 conjuntamente con los otros poderes tanto el Legislativo como el Judicial, en donde cada uno a sorteado sus propias vicisitudes pol\u00edticas y administrativas para contener sus propios contrapesos como principios de la vida democr\u00e1tica.<\/p>\n<p style=\"text-align: justify;\">Mucho queda por hacer, como el consolidar el quehacer administrativo interno de su gabinete, muy amplio y que se extiende en sus obligaciones hasta los m\u00e1s profundos rincones de la entidad, teniendo como arma de apoyo a la Mesa para la Construcci\u00f3n de La Paz, instancia que se a convertido en un baluarte de su fuerza pol\u00edtica, para contener la incertidumbre de la violencia y generar la vital certidumbre de la seguridad, en tiempos en que la pol\u00edtica se puede desbordar en sus \u00e1nimos de poder incontenibles y s\u00f3lo su don de mando los puede contener sobre las v\u00edas institucionales.\u00a0Al\u00a0tiempo.<\/p>\n<p style=\"text-align: justify;\"><em>) S\u00edguenos en Facebook | @<a href=\"https:\/\/www.facebook.com\/acapulcopress.news\" target=\"_blank\" rel=\"noopener\">AcapulcoPress<\/a><\/em><\/p>\n","protected":false},"excerpt":{"rendered":"<p>Tercera V\u00eda \u00bb ERNESTO | RIVERA RODR\u00cdGUEZ ) Facebook @Ernesto Rivera Tres a\u00f1os despu\u00e9s del inicio de la pandemia y a\u00fan con la amenaza de la sexta ola del Sarc2-Covid19, a uno del arranque del gobierno de Evelyn, Guerrero parece haber dado un fuerte respiro, un firme aliento, un paso firme hacia la transformaci\u00f3n, bajo&#8230;<\/p>\n","protected":false},"author":2,"featured_media":1249890,"comment_status":"closed","ping_status":"closed","sticky":false,"template":"","format":"standard","meta":{"footnotes":""},"categories":[2071,1991],"tags":[8063,8242,17071],"class_list":["post-1249889","post","type-post","status-publish","format-standard","has-post-thumbnail","hentry","category-opinion-analisis-columnas","category-libertad-de-expresion","tag-ernesto-rivera-rodriguez","tag-evelyn-cesia-salgado-pineda","tag-tercera-via"],"_links":{"self":[{"href":"https:\/\/www.acapulcopress.com\/index.php\/wp-json\/wp\/v2\/posts\/1249889","targetHints":{"allow":["GET"]}}],"collection":[{"href":"https:\/\/www.acapulcopress.com\/index.php\/wp-json\/wp\/v2\/posts"}],"about":[{"href":"https:\/\/www.acapulcopress.com\/index.php\/wp-json\/wp\/v2\/types\/post"}],"author":[{"embeddable":true,"href":"https:\/\/www.acapulcopress.com\/index.php\/wp-json\/wp\/v2\/users\/2"}],"replies":[{"embeddable":true,"href":"https:\/\/www.acapulcopress.com\/index.php\/wp-json\/wp\/v2\/comments?post=1249889"}],"version-history":[{"count":0,"href":"https:\/\/www.acapulcopress.com\/index.php\/wp-json\/wp\/v2\/posts\/1249889\/revisions"}],"wp:featuredmedia":[{"embeddable":true,"href":"https:\/\/www.acapulcopress.com\/index.php\/wp-json\/"}],"wp:attachment":[{"href":"https:\/\/www.acapulcopress.com\/index.php\/wp-json\/wp\/v2\/media?parent=1249889"}],"wp:term":[{"taxonomy":"category","embeddable":true,"href":"https:\/\/www.acapulcopress.com\/index.php\/wp-json\/wp\/v2\/categories?post=1249889"},{"taxonomy":"post_tag","embeddable":true,"href":"https:\/\/www.acapulcopress.com\/index.php\/wp-json\/wp\/v2\/tags?post=1249889"}],"curies":[{"name":"wp","href":"https:\/\/api.w.org\/{rel}","templated":true}]}}